{"id":17159,"date":"2025-04-08T12:00:07","date_gmt":"2025-04-08T12:00:07","guid":{"rendered":"https:\/\/haberbesiktas.tr\/?p=17159"},"modified":"2025-04-08T12:00:07","modified_gmt":"2025-04-08T12:00:07","slug":"zenit-mimovic-icin-fenerbahce-ile-anlasti","status":"publish","type":"post","link":"https:\/\/haberbesiktas.tr\/?p=17159","title":{"rendered":"Zenit, Mimovic i\u00e7in Fenerbah\u00e7e ile anla\u015ft\u0131!"},"content":{"rendered":"<div><span><span><span>Fenerbah\u00e7e&#8217;nin k\u0131sa m\u00fchlet evvel K\u0131z\u0131ly\u0131ld\u0131z&#8217;dan tak\u0131m\u0131na katt\u0131\u011f\u0131 Ognjen Mimovic&#8217;in gelece\u011fiyle ilgili de\u011ferli bir geli\u015fme ya\u015fand\u0131.<\/p>\n<p>Ya\u011f\u0131z Sabuncuo\u011flu&#8217;nun haberine nazaran;\u00a0<span>Zenit ve Fenerbah\u00e7e, Ognjen Mimovic&#8217;in d\u00f6nem sonuna kadar kiral\u0131k transferi i\u00e7in muahedeye vard\u0131.<\/span><\/p>\n<p><strong>NEDEN K\u0130RALANIYOR?\u00a0<\/strong><\/p>\n<p>Allan Saint-Maximin&#8217;in Napoli&#8217;ye transferinin iptal olmas\u0131yla birlikte Fenerbah\u00e7e, orta transfer devrinde yapt\u0131\u011f\u0131 desteklerle yabanc\u0131 oyuncu say\u0131s\u0131n\u0131 15&#8217;e \u00e7\u0131kard\u0131. Lakin T\u00fcrkiye Futbol Federasyonu kurallar\u0131 gere\u011fi sar\u0131-lacivertli grup, tak\u0131m\u0131nda en fazla 14 yabanc\u0131 oyuncu bulundurabiliyor. Bu nedenle bir futbolcunun tak\u0131m d\u0131\u015f\u0131 kalmas\u0131 gerekliydi.<\/p>\n<p><strong>6.7 M\u0130LYON EURO&#8217;YA TRANSFER ED\u0130LD\u0130<\/strong><\/p>\n<p><span>20 ya\u015f\u0131ndaki oyuncu, Fenerbah\u00e7e&#8217;ye K\u0131z\u0131ly\u0131ld\u0131z&#8217;dan 6.7 milyon Euro&#8217;ya transfer oldu. Lisans\u0131 \u00e7\u0131kar\u0131ld\u0131 lakin forma talihi bulamad\u0131.<\/span><\/p>\n<p><\/span><\/span><\/span><\/div>\n<p><\/p>\n","protected":false},"excerpt":{"rendered":"<p>Zenit ve Fenerbah\u00e7e, Ognjen Mimovic&#8217;in d\u00f6nem sonuna kadar kiral\u0131k transferi i\u00e7in muahedeye vard\u0131.<\/p>\n","protected":false},"author":1,"featured_media":17160,"comment_status":"open","ping_status":"open","sticky":false,"template":"","format":"standard","meta":{"footnotes":""},"categories":[25],"tags":[48],"class_list":["post-17159","post","type-post","status-publish","format-standard","has-post-thumbnail","hentry","category-futbol","tag-transfer"],"_links":{"self":[{"href":"https:\/\/haberbesiktas.tr\/index.php?rest_route=\/wp\/v2\/posts\/17159","targetHints":{"allow":["GET"]}}],"collection":[{"href":"https:\/\/haberbesiktas.tr\/index.php?rest_route=\/wp\/v2\/posts"}],"about":[{"href":"https:\/\/haberbesiktas.tr\/index.php?rest_route=\/wp\/v2\/types\/post"}],"author":[{"embeddable":true,"href":"https:\/\/haberbesiktas.tr\/index.php?rest_route=\/wp\/v2\/users\/1"}],"replies":[{"embeddable":true,"href":"https:\/\/haberbesiktas.tr\/index.php?rest_route=%2Fwp%2Fv2%2Fcomments&post=17159"}],"version-history":[{"count":1,"href":"https:\/\/haberbesiktas.tr\/index.php?rest_route=\/wp\/v2\/posts\/17159\/revisions"}],"predecessor-version":[{"id":17161,"href":"https:\/\/haberbesiktas.tr\/index.php?rest_route=\/wp\/v2\/posts\/17159\/revisions\/17161"}],"wp:featuredmedia":[{"embeddable":true,"href":"https:\/\/haberbesiktas.tr\/index.php?rest_route=\/wp\/v2\/media\/17160"}],"wp:attachment":[{"href":"https:\/\/haberbesiktas.tr\/index.php?rest_route=%2Fwp%2Fv2%2Fmedia&parent=17159"}],"wp:term":[{"taxonomy":"category","embeddable":true,"href":"https:\/\/haberbesiktas.tr\/index.php?rest_route=%2Fwp%2Fv2%2Fcategories&post=17159"},{"taxonomy":"post_tag","embeddable":true,"href":"https:\/\/haberbesiktas.tr\/index.php?rest_route=%2Fwp%2Fv2%2Ftags&post=17159"}],"curies":[{"name":"wp","href":"https:\/\/api.w.org\/{rel}","templated":true}]}}