{"id":17162,"date":"2025-04-08T12:12:08","date_gmt":"2025-04-08T12:12:08","guid":{"rendered":"https:\/\/haberbesiktas.tr\/?p=17162"},"modified":"2025-04-08T12:12:08","modified_gmt":"2025-04-08T12:12:08","slug":"jose-moraisden-transfer-aciklamalari","status":"publish","type":"post","link":"https:\/\/haberbesiktas.tr\/?p=17162","title":{"rendered":"Jose Morais&#8217;den transfer a\u00e7\u0131klamalar\u0131!"},"content":{"rendered":"<div>\n<p>Trendyol Muhte\u015fem Lig&#8217;in 23. haftas\u0131nda konuk etti\u011fi G\u00f6ztepe ile 0-0 berabere kalan Sipay Bodrum FK&#8217;de teknik y\u00f6netici Jose Morais, kadrosundaki potansiyelin ortaya \u00e7\u0131kar\u0131lmas\u0131 i\u00e7in \u00e7al\u0131\u015faca\u011f\u0131n\u0131 s\u00f6yledi.\u00a0<\/p>\n<p> Morais, Grey Beton Bodrum Stad\u0131&#8217;ndaki ma\u00e7\u0131n akabinde d\u00fczenlenen bas\u0131n toplant\u0131s\u0131nda a\u00e7\u0131klamalarda bulundu.\u00a0<\/p>\n<p> Ekibinin savunma performans\u0131n\u0131n g\u00fczel oldu\u011funu belirten Morais, <strong>&#8220;Tak\u0131m i\u00e7in gol yemememiz k\u0131ymetliydi. Birebir vakitte hamlede da konumlar yaratt\u0131k bu da k\u0131ymetliydi. Bizim i\u00e7in s\u00fcre\u00e7 devam ediyor. Bilhassa \u00fc\u00e7\u00fcnc\u00fc b\u00f6lgede yaratt\u0131\u011f\u0131m\u0131z konumlar\u0131 gole \u00e7evirmeye ba\u015flad\u0131\u011f\u0131m\u0131z vakit, ondan sonraki s\u00fcre\u00e7te ma\u00e7 i\u00e7inde de asl\u0131nda bizim i\u00e7in avantajlar\u0131n olu\u015faca\u011f\u0131 s\u00fcre\u00e7ler g\u00f6rece\u011fiz.&#8221;<\/strong> dedi.<\/p>\n<p> <em><strong>Tak\u0131m\u0131ndaki potansiyeli g\u00f6rd\u00fc\u011f\u00fcn\u00fc tabir eden Morais, \u015f\u00f6yle konu\u015ftu:<\/strong><\/em><\/p>\n<p> &#8220;Bu potansiyeli a\u00e7\u0131\u011fa \u00e7\u0131kard\u0131\u011f\u0131m\u0131z vakit daha fazla puanlar kazanaca\u011f\u0131m\u0131z periyotlar gelecektir. Ekibimin sergiledi\u011fi performansla gurur duyuyorum. \u0130\u00e7imizde ta\u015f\u0131d\u0131\u011f\u0131m\u0131z potansiyelle asl\u0131nda daha fazlas\u0131n\u0131 yapabiliriz. Yar\u0131ndan itibaren bir sonraki m\u00fcsabaka i\u00e7in bunun \u00fczerine \u00e7al\u0131\u015fmaya ba\u015flayaca\u011f\u0131z. Geli\u015fim g\u00f6sterdik\u00e7e \u015fu anda hak etti\u011fimizden daha fazlas\u0131n\u0131 kazanaca\u011f\u0131m\u0131z\u0131 d\u00fc\u015f\u00fcn\u00fcyorum.&#8221;\u00a0<\/p>\n<p> Transfer konusuna da de\u011finen Portekizli teknik adam, <strong>&#8220;Her vakit transfer devrinde hareketliliklerde f\u0131rsatlar var bunlar\u0131 k\u0131ymetlendirmek isteriz fakat \u015fu an geldi\u011fimiz s\u00fcre\u00e7te tam olarak neye gereksinimimiz var dersek bununla ilgili bir \u015fey s\u00f6ylemek i\u00e7in erken oldu\u011funu s\u00f6yleyebilirim. Ekip i\u00e7inde daha tam potansiyelini ortaya \u00e7\u0131karamam\u0131\u015f oyuncular var. Biz bunun \u00fczerine de \u00e7al\u0131\u015fmalar yapabiliriz. Grup i\u00e7indeki oyuncular\u0131m\u0131n kalitesine g\u00fcveniyorum. Yapaca\u011f\u0131m\u0131z \u00e7al\u0131\u015fmalarla onlar\u0131n i\u00e7inde saklad\u0131\u011f\u0131 performans\u0131 daha fazla \u00f6ne \u00e7\u0131karaca\u011f\u0131m\u0131z\u0131 d\u00fc\u015f\u00fcn\u00fcyorum. Zira yeterli oyunculara sahibim, bunu biliyorum, hissediyorum. \u015eu ana kadar tahminen tam olarak ortaya \u00e7\u0131kmam\u0131\u015f \u00fczere g\u00f6z\u00fck\u00fcyor. Bunu ortaya \u00e7\u0131karmak i\u00e7in de \u00e7al\u0131\u015fmalar\u0131m\u0131za devam edece\u011fiz.&#8221;<\/strong> de\u011ferlendirmesinde bulundu.\u00a0<\/p>\n<\/div>\n<p><\/p>\n","protected":false},"excerpt":{"rendered":"<p>Sipay Bodrum FK Teknik Y\u00f6neticisi Jose Morais, G\u00f6ztepe ma\u00e7\u0131n\u0131n akabinde konu\u015ftu.<\/p>\n","protected":false},"author":1,"featured_media":17163,"comment_status":"open","ping_status":"open","sticky":false,"template":"","format":"standard","meta":{"footnotes":""},"categories":[25],"tags":[52],"class_list":["post-17162","post","type-post","status-publish","format-standard","has-post-thumbnail","hentry","category-futbol","tag-takim"],"_links":{"self":[{"href":"https:\/\/haberbesiktas.tr\/index.php?rest_route=\/wp\/v2\/posts\/17162","targetHints":{"allow":["GET"]}}],"collection":[{"href":"https:\/\/haberbesiktas.tr\/index.php?rest_route=\/wp\/v2\/posts"}],"about":[{"href":"https:\/\/haberbesiktas.tr\/index.php?rest_route=\/wp\/v2\/types\/post"}],"author":[{"embeddable":true,"href":"https:\/\/haberbesiktas.tr\/index.php?rest_route=\/wp\/v2\/users\/1"}],"replies":[{"embeddable":true,"href":"https:\/\/haberbesiktas.tr\/index.php?rest_route=%2Fwp%2Fv2%2Fcomments&post=17162"}],"version-history":[{"count":1,"href":"https:\/\/haberbesiktas.tr\/index.php?rest_route=\/wp\/v2\/posts\/17162\/revisions"}],"predecessor-version":[{"id":17164,"href":"https:\/\/haberbesiktas.tr\/index.php?rest_route=\/wp\/v2\/posts\/17162\/revisions\/17164"}],"wp:featuredmedia":[{"embeddable":true,"href":"https:\/\/haberbesiktas.tr\/index.php?rest_route=\/wp\/v2\/media\/17163"}],"wp:attachment":[{"href":"https:\/\/haberbesiktas.tr\/index.php?rest_route=%2Fwp%2Fv2%2Fmedia&parent=17162"}],"wp:term":[{"taxonomy":"category","embeddable":true,"href":"https:\/\/haberbesiktas.tr\/index.php?rest_route=%2Fwp%2Fv2%2Fcategories&post=17162"},{"taxonomy":"post_tag","embeddable":true,"href":"https:\/\/haberbesiktas.tr\/index.php?rest_route=%2Fwp%2Fv2%2Ftags&post=17162"}],"curies":[{"name":"wp","href":"https:\/\/api.w.org\/{rel}","templated":true}]}}