{"id":17165,"date":"2025-04-08T12:24:09","date_gmt":"2025-04-08T12:24:09","guid":{"rendered":"https:\/\/haberbesiktas.tr\/?p=17165"},"modified":"2025-04-08T12:24:09","modified_gmt":"2025-04-08T12:24:09","slug":"yusuf-barasi-okan-buruk-bana-kufur-etmedi","status":"publish","type":"post","link":"https:\/\/haberbesiktas.tr\/?p=17165","title":{"rendered":"Yusuf Barasi: &#8220;Okan Buruk bana k\u00fcf\u00fcr etmedi&#8221;"},"content":{"rendered":"<div>Adana Demirsporlu Yusuf Barasi, Galatasaray ma\u00e7\u0131nda Galatasaray Teknik Y\u00f6neticisi Okan Buruk&#8217;un kendisine k\u00fcf\u00fcr etmedi\u011fini a\u00e7\u0131klad\u0131.<\/p>\n<p>Ekol TV&#8217;nin haberine nazaran Yusuf Barasi yak\u0131n etraf\u0131na <strong>&#8220;<\/strong><span><strong>Okan Buruk bana bakarken k\u00fcf\u00fcr etmedi. &#8216;\u0130\u00e7eri ge\u00e7in&#8217; dedi.&#8221;<\/strong> tabirlerini kulland\u0131.<\/p>\n<p><strong>NE OLMU\u015eTU?<\/strong><\/p>\n<p>Adana Demirspor Ba\u015fkan\u0131 Murat Sancak, Galatasaray ma\u00e7\u0131nda grubun alandan \u00e7ekildi\u011fi anlarda Okan Buruk&#8217;un Yusuf Barasi&#8217;ye\u00a0\u00a0<strong>&#8220;Okan Buruk, beni konu\u015fturmas\u0131n. Benim oyuncuma &#8216;S&#8230; Git&#8217; diyorsun. Bu hamaseti kendinde buluyor. Bak Okan Buruk, buras\u0131 Adana Demirspor, b\u00fcy\u00fck topluluktur. Galatasaray&#8217;\u0131n hocas\u0131 olabilirsin, takdir ediyoruz. Okan Buruk, sen bizim oyuncumuza nas\u0131l k\u00fcf\u00fcr edersin ya! Sonra taraftara ho\u015f g\u00f6z\u00fckmek i\u00e7in konu\u015fuyorsun. Bak Okan Hoca a\u011fz\u0131m\u0131 a\u00e7t\u0131rma, herkes kimin ne oldu\u011funu biliyor! Herkes \u00fc\u00e7 maymunu oynuyor! Okan Buruk, benim oyuncuma k\u00fcf\u00fcr edece\u011fine, git Mertens&#8217;i uyar. Bu ak\u015fam\u0131n sebebi Mertens&#8217;tir. Erman Toro\u011flu vaktinde bunlar\u0131 Arif yap\u0131yordu, siz de bunlar\u0131 \u00e7al\u0131yordunuz!&#8221;<\/strong> s\u00f6zlerini kullanm\u0131\u015ft\u0131.<\/p>\n<p>Okan Buruk ise yapt\u0131\u011f\u0131 a\u00e7\u0131klamada Sancak&#8217;\u0131n s\u00f6zlerini yalanlayarak, <strong>&#8220;<\/strong><span><strong>Murat Sancak&#8217;\u0131n rakip kadro oyuncusuna hakaret etti\u011fim istikametindeki tezi b\u00fcsb\u00fct\u00fcn ger\u00e7ek d\u0131\u015f\u0131d\u0131r. Bu hayali sav\u0131n, bug\u00fcn oynanan senaryonun bir devam\u0131 oldu\u011funu kamuoyuna bildirmek isterim.&#8221;<\/strong> demi\u015fti.<\/span><\/span><\/div>\n<p><\/p>\n","protected":false},"excerpt":{"rendered":"<p>Adana Demirsporlu Yusuf Barasi, Galatasaray ma\u00e7\u0131nda Galatasaray Teknik Y\u00f6neticisi Okan Buruk&#8217;un kendisine k\u00fcf\u00fcr etmedi\u011fini a\u00e7\u0131klad\u0131.<\/p>\n","protected":false},"author":1,"featured_media":17166,"comment_status":"open","ping_status":"open","sticky":false,"template":"","format":"standard","meta":{"footnotes":""},"categories":[25],"tags":[208],"class_list":["post-17165","post","type-post","status-publish","format-standard","has-post-thumbnail","hentry","category-futbol","tag-okan-buruk"],"_links":{"self":[{"href":"https:\/\/haberbesiktas.tr\/index.php?rest_route=\/wp\/v2\/posts\/17165","targetHints":{"allow":["GET"]}}],"collection":[{"href":"https:\/\/haberbesiktas.tr\/index.php?rest_route=\/wp\/v2\/posts"}],"about":[{"href":"https:\/\/haberbesiktas.tr\/index.php?rest_route=\/wp\/v2\/types\/post"}],"author":[{"embeddable":true,"href":"https:\/\/haberbesiktas.tr\/index.php?rest_route=\/wp\/v2\/users\/1"}],"replies":[{"embeddable":true,"href":"https:\/\/haberbesiktas.tr\/index.php?rest_route=%2Fwp%2Fv2%2Fcomments&post=17165"}],"version-history":[{"count":1,"href":"https:\/\/haberbesiktas.tr\/index.php?rest_route=\/wp\/v2\/posts\/17165\/revisions"}],"predecessor-version":[{"id":17167,"href":"https:\/\/haberbesiktas.tr\/index.php?rest_route=\/wp\/v2\/posts\/17165\/revisions\/17167"}],"wp:featuredmedia":[{"embeddable":true,"href":"https:\/\/haberbesiktas.tr\/index.php?rest_route=\/wp\/v2\/media\/17166"}],"wp:attachment":[{"href":"https:\/\/haberbesiktas.tr\/index.php?rest_route=%2Fwp%2Fv2%2Fmedia&parent=17165"}],"wp:term":[{"taxonomy":"category","embeddable":true,"href":"https:\/\/haberbesiktas.tr\/index.php?rest_route=%2Fwp%2Fv2%2Fcategories&post=17165"},{"taxonomy":"post_tag","embeddable":true,"href":"https:\/\/haberbesiktas.tr\/index.php?rest_route=%2Fwp%2Fv2%2Ftags&post=17165"}],"curies":[{"name":"wp","href":"https:\/\/api.w.org\/{rel}","templated":true}]}}