{"id":17171,"date":"2025-04-08T12:48:07","date_gmt":"2025-04-08T12:48:07","guid":{"rendered":"https:\/\/haberbesiktas.tr\/?p=17171"},"modified":"2025-04-08T12:48:07","modified_gmt":"2025-04-08T12:48:07","slug":"stefan-savicten-besiktas-maci-aciklamasi","status":"publish","type":"post","link":"https:\/\/haberbesiktas.tr\/?p=17171","title":{"rendered":"Stefan Savic&#8217;ten Be\u015fikta\u015f ma\u00e7\u0131 a\u00e7\u0131klamas\u0131"},"content":{"rendered":"<div>\n<p>Trendyol Harika Lig&#8217;in 23. haftas\u0131nda alan\u0131ndan ikas Ey\u00fcpspor&#8217;u 1-0 ma\u011flup eden Trabzonspor&#8217;un savunma oyuncusu Stefan Savic, grubun ve kendisinin form durumu ismine keyifli oldu\u011funu s\u00f6yledi.<\/p>\n<p> Ma\u00e7\u0131n akabinde Papara Park&#8217;ta bas\u0131n mensuplar\u0131n\u0131n sorular\u0131n\u0131 yan\u0131tlayan Savic, ma\u00e7a istedikleri \u00fczere ba\u015flayamad\u0131klar\u0131n\u0131 belirterek, <strong>&#8220;\u00d6zellikle birinci 15-20 dakika tahminen bizden daha \u00e2l\u00e2 ba\u015flad\u0131lar. \u0130stediklerimizi yapamad\u0131k tahminen lakin sonras\u0131nda biraz daha oyunda istedi\u011fimiz \u00fcst\u00fcnl\u00fc\u011f\u00fc kurduk ve ma\u00e7\u0131 istedi\u011fimiz formda bitirdik diye d\u00fc\u015f\u00fcn\u00fcyorum.&#8221;<\/strong> dedi.<\/p>\n<p> Savic sakatl\u0131\u011f\u0131 sonras\u0131nda gruba d\u00f6nmekten \u00f6t\u00fcr\u00fc memnun oldu\u011funu tabir ederek,<strong> &#8220;Buraya futbol oynamaya, futbolun tad\u0131n\u0131 \u00e7\u0131kartmaya, ekip i\u00e7in gayret etmeye ve elimden gelenin en d\u00fczg\u00fcn\u00fcn\u00fc yapmaya gelmi\u015ftim. Bunu yapmaya \u00e7al\u0131\u015ft\u0131m ancak bir sakatl\u0131k sebebiyle uzun m\u00fchlet orta vermek zorunda kald\u0131m. D\u00f6nmek benim i\u00e7in de \u00e7ok k\u0131ymetliydi. \u015eu an hem grubun form durumu hem kendi fizik\u00ee durumum ismine keyifli oldu\u011fumu tabir edebilirim. Bizim yapmaya \u00e7al\u0131\u015ft\u0131\u011f\u0131m\u0131z her ma\u00e7, her g\u00fcn Trabzonspor&#8217;u hak etti\u011fi yere ta\u015f\u0131yabilmek, g\u00fczel de gidiyoruz \u015fu an.&#8221;<\/strong> diye konu\u015ftu.<\/p>\n<p> <em><strong>Stoperde farkl\u0131 partnerlele oynad\u0131\u011f\u0131na dair gelen soru \u00fczerine deneyimli futbolcu, \u015funlar\u0131 kaydetti:\u00a0<\/strong><\/em><\/p>\n<p> &#8220;\u0130lk geldi\u011fim anlarda Denswill ile bir arada oynuyorduk. Kendisi pek d\u00fczg\u00fcn bir oyuncu. Burada \u015fampiyonluk ya\u015fam\u0131\u015f, k\u0131ymetli ma\u00e7lara, gayretler ortaya koymu\u015f bir oyuncu. Bu hususta do\u011fal ki kendisine olan h\u00fcrmetimi da tabir etmek gerekiyor fakat \u015fu an Arseniyle birlikte oynuyoruz. Arseniy birinci g\u00f6rd\u00fc\u011f\u00fcmde \u00e7ok yetenekli ve kaliteli bir oyuncu oldu\u011funu anlam\u0131\u015ft\u0131m. Trabzonspor&#8217;a \u00e7ok b\u00fcy\u00fck mutluluklar ya\u015fatacak bir oyuncu oldu\u011funu g\u00f6rebiliyorum. Ben de sizin de bahsetti\u011finiz \u00fczere deneyimli bir oyuncu olarak bilhassa savunmada oynayan arkada\u015flar\u0131mla deneyimlerimi payla\u015farak, onlarla konu\u015farak tahminen onlara yard\u0131mc\u0131 olarak daha uyguna gitmelerine \u00e7al\u0131\u015f\u0131yorum.&#8221;\u00a0<\/p>\n<p> <em><strong>Karada\u011fl\u0131 oyuncu, lige istedikleri ba\u015flang\u0131c\u0131 yapamad\u0131klar\u0131n\u0131 fakat ikinci devrede form yakalamaya ba\u015flad\u0131klar\u0131n\u0131 vurgulayarak, \u015f\u00f6yle devam etti:\u00a0<\/strong><\/em><\/p>\n<p> &#8220;Bizim i\u00e7in sistemsiz bir d\u00f6nem oldu\u011funu s\u00f6z edebiliriz. Zira istedi\u011fimiz \u00fczere ba\u015flayamad\u0131k bu d\u00f6neme lakin sonras\u0131nda biraz daha toparland\u0131\u011f\u0131m\u0131z\u0131 d\u00fc\u015f\u00fcn\u00fcyorum. D\u00f6nemin geneline bakt\u0131\u011f\u0131m\u0131zda bilhassa yaz transferlerinde bir\u00e7ok oyuncu kat\u0131ld\u0131 ortam\u0131za. Ben de kadroya kat\u0131ld\u0131ktan sonra ekibe yard\u0131mc\u0131 olabilmek i\u00e7in \u00e7al\u0131\u015f\u0131yorum. Bir sakatl\u0131k ya\u015fad\u0131m. \u015eu an yava\u015f yava\u015f o adaptasyon, ahenk ortam\u0131n\u0131 sa\u011flad\u0131\u011f\u0131m\u0131z\u0131 s\u00f6yleyebiliriz. Zira i\u015fler bizim ismimize daha uyguna gidiyor. Ligin birinci yar\u0131s\u0131 sizin de tabir etti\u011finiz \u00fczere \u00e7ok istedi\u011fimiz \u00fczere de\u011fildi. Kupada \u015fu an iddial\u0131 durumday\u0131z, ligde puan s\u0131ralamas\u0131nda her vakit daha d\u00fczg\u00fcne gitmeye \u00e7al\u0131\u015f\u0131yoruz. Bug\u00fcn de asl\u0131nda de\u011ferli bir galibiyet ald\u0131k. M\u00fcnasebetiyle bizim ismimize d\u00f6nemin birinci yar\u0131s\u0131 istedi\u011fimiz \u00fczere de\u011fildi lakin umuyorum ikinci yar\u0131 \u00e7ok daha g\u00fczel olacak.&#8221;<\/p>\n<p> Hafta sonu oynanacak Be\u015fikta\u015f m\u00fcsabakas\u0131yla ilgili fikirlerini de aktaran Savic, <strong>&#8220;Deplasmanlarda zorland\u0131\u011f\u0131m\u0131z bir ger\u00e7ek. S\u0131k\u0131nt\u0131 bir ma\u00e7 oynayaca\u011f\u0131z al\u0131\u015f\u0131lm\u0131\u015f ki fakat t\u0131pk\u0131 vakitte ben bu \u00e7e\u015fit ma\u00e7lar\u0131 ho\u015f ma\u00e7lar olarak da s\u00f6z edebilirim. Bu cins ma\u00e7lar b\u00fcy\u00fck ma\u00e7lar\u0131 ben de dahil olmak \u00fczere b\u00fct\u00fcn futbolcular oynamak i\u00e7in sab\u0131rs\u0131zlan\u0131rlar. G\u00fczel haz\u0131rlanaca\u011f\u0131m\u0131z bir ma\u00e7 olacak bizim ismimize, k\u0131ymetli bir ma\u00e7 olacak. Varl\u0131\u011f\u0131m\u0131z\u0131 hissettirece\u011fimiz bir ma\u00e7 olacak. G\u00f6sterebilece\u011fimiz \u00e7ok \u015fey oldu\u011funu d\u00fc\u015f\u00fcn\u00fcyorum&#8221;<\/strong> de\u011ferlendirmesinde bulundu.\u00a0<\/p>\n<\/div>\n<p><\/p>\n","protected":false},"excerpt":{"rendered":"<p>Trabzonspor&#8217;un savunma oyuncusu Stefan Savic, Ey\u00fcpspor ma\u00e7\u0131n\u0131n akabinde a\u00e7\u0131klamalarda bulundu.<\/p>\n","protected":false},"author":1,"featured_media":17172,"comment_status":"open","ping_status":"open","sticky":false,"template":"","format":"standard","meta":{"footnotes":""},"categories":[25],"tags":[909,294,50,52],"class_list":["post-17171","post","type-post","status-publish","format-standard","has-post-thumbnail","hentry","category-futbol","tag-bizim","tag-ifade","tag-mac","tag-takim"],"_links":{"self":[{"href":"https:\/\/haberbesiktas.tr\/index.php?rest_route=\/wp\/v2\/posts\/17171","targetHints":{"allow":["GET"]}}],"collection":[{"href":"https:\/\/haberbesiktas.tr\/index.php?rest_route=\/wp\/v2\/posts"}],"about":[{"href":"https:\/\/haberbesiktas.tr\/index.php?rest_route=\/wp\/v2\/types\/post"}],"author":[{"embeddable":true,"href":"https:\/\/haberbesiktas.tr\/index.php?rest_route=\/wp\/v2\/users\/1"}],"replies":[{"embeddable":true,"href":"https:\/\/haberbesiktas.tr\/index.php?rest_route=%2Fwp%2Fv2%2Fcomments&post=17171"}],"version-history":[{"count":1,"href":"https:\/\/haberbesiktas.tr\/index.php?rest_route=\/wp\/v2\/posts\/17171\/revisions"}],"predecessor-version":[{"id":17173,"href":"https:\/\/haberbesiktas.tr\/index.php?rest_route=\/wp\/v2\/posts\/17171\/revisions\/17173"}],"wp:featuredmedia":[{"embeddable":true,"href":"https:\/\/haberbesiktas.tr\/index.php?rest_route=\/wp\/v2\/media\/17172"}],"wp:attachment":[{"href":"https:\/\/haberbesiktas.tr\/index.php?rest_route=%2Fwp%2Fv2%2Fmedia&parent=17171"}],"wp:term":[{"taxonomy":"category","embeddable":true,"href":"https:\/\/haberbesiktas.tr\/index.php?rest_route=%2Fwp%2Fv2%2Fcategories&post=17171"},{"taxonomy":"post_tag","embeddable":true,"href":"https:\/\/haberbesiktas.tr\/index.php?rest_route=%2Fwp%2Fv2%2Ftags&post=17171"}],"curies":[{"name":"wp","href":"https:\/\/api.w.org\/{rel}","templated":true}]}}