{"id":17177,"date":"2025-04-08T13:12:08","date_gmt":"2025-04-08T13:12:08","guid":{"rendered":"https:\/\/haberbesiktas.tr\/?p=17177"},"modified":"2025-04-08T13:12:08","modified_gmt":"2025-04-08T13:12:08","slug":"galatasaraydan-transferde-son-hamle","status":"publish","type":"post","link":"https:\/\/haberbesiktas.tr\/?p=17177","title":{"rendered":"Galatasaray&#8217;dan transferde son hamle"},"content":{"rendered":"<div>Galatasaray transferde s\u00fcrat kesmiyor. Son olarak Lens formas\u0131 giyen Przemyslaw Frankowski&#8217;yi renklerine ba\u011flayan sar\u0131-k\u0131rm\u0131z\u0131l\u0131lar, Trendyol 1. Lig temsilcisi MKE Ankarag\u00fcc\u00fc&#8217;nde mesle\u011fini s\u00fcrd\u00fcren Arda \u00dcnyay ile de mutabakata vard\u0131.<\/p>\n<p> TV100&#8217;\u00fcn haberine nazaran; 2007 do\u011fumlu stoper i\u00e7in Galatasaray&#8217;\u0131n kasas\u0131ndan 500 bin euro \u00e7\u0131kaca\u011f\u0131 \u00f6\u011frenilirken, oyuncunun g\u00fcn i\u00e7erisinde s\u0131hhat denetimlerinden ge\u00e7mesi ve resmi imzay\u0131 atmas\u0131 bekleniyor.<\/p>\n<p> 18 ya\u015f\u0131ndaki gen\u00e7 stoper, bu d\u00f6nem Ankarag\u00fcc\u00fc ile 4 resmi ma\u00e7ta alana \u00e7\u0131kt\u0131. Arda \u00dcnyay, T\u00fcrkiye U19 Ulusal Kadrosu&#8217;nda da forma giyiyor.<\/p>\n<\/div>\n<p><\/p>\n","protected":false},"excerpt":{"rendered":"<p>Galatasaray, Ankarag\u00fcc\u00fc&#8217;nden Arda \u00dcnyay ile muahedeye vard\u0131.<\/p>\n","protected":false},"author":1,"featured_media":17178,"comment_status":"open","ping_status":"open","sticky":false,"template":"","format":"standard","meta":{"footnotes":""},"categories":[25],"tags":[],"class_list":["post-17177","post","type-post","status-publish","format-standard","has-post-thumbnail","hentry","category-futbol"],"_links":{"self":[{"href":"https:\/\/haberbesiktas.tr\/index.php?rest_route=\/wp\/v2\/posts\/17177","targetHints":{"allow":["GET"]}}],"collection":[{"href":"https:\/\/haberbesiktas.tr\/index.php?rest_route=\/wp\/v2\/posts"}],"about":[{"href":"https:\/\/haberbesiktas.tr\/index.php?rest_route=\/wp\/v2\/types\/post"}],"author":[{"embeddable":true,"href":"https:\/\/haberbesiktas.tr\/index.php?rest_route=\/wp\/v2\/users\/1"}],"replies":[{"embeddable":true,"href":"https:\/\/haberbesiktas.tr\/index.php?rest_route=%2Fwp%2Fv2%2Fcomments&post=17177"}],"version-history":[{"count":1,"href":"https:\/\/haberbesiktas.tr\/index.php?rest_route=\/wp\/v2\/posts\/17177\/revisions"}],"predecessor-version":[{"id":17179,"href":"https:\/\/haberbesiktas.tr\/index.php?rest_route=\/wp\/v2\/posts\/17177\/revisions\/17179"}],"wp:featuredmedia":[{"embeddable":true,"href":"https:\/\/haberbesiktas.tr\/index.php?rest_route=\/wp\/v2\/media\/17178"}],"wp:attachment":[{"href":"https:\/\/haberbesiktas.tr\/index.php?rest_route=%2Fwp%2Fv2%2Fmedia&parent=17177"}],"wp:term":[{"taxonomy":"category","embeddable":true,"href":"https:\/\/haberbesiktas.tr\/index.php?rest_route=%2Fwp%2Fv2%2Fcategories&post=17177"},{"taxonomy":"post_tag","embeddable":true,"href":"https:\/\/haberbesiktas.tr\/index.php?rest_route=%2Fwp%2Fv2%2Ftags&post=17177"}],"curies":[{"name":"wp","href":"https:\/\/api.w.org\/{rel}","templated":true}]}}