{"id":17180,"date":"2025-04-08T13:24:07","date_gmt":"2025-04-08T13:24:07","guid":{"rendered":"https:\/\/haberbesiktas.tr\/?p=17180"},"modified":"2025-04-08T13:24:07","modified_gmt":"2025-04-08T13:24:07","slug":"fenerbahceden-surpriz-transfer-gabriel-souza","status":"publish","type":"post","link":"https:\/\/haberbesiktas.tr\/?p=17180","title":{"rendered":"Fenerbah\u00e7e&#8217;den s\u00fcrpriz transfer: Gabriel Souza"},"content":{"rendered":"<div>Transferde hareketli bir devir ge\u00e7iren Fenerbah\u00e7e&#8217;den s\u00fcrpriz bir at\u0131l\u0131m daha geldi.<\/p>\n<p><strong>FENERBAH\u00c7E TRANSFER\u0130 B\u0130T\u0130RD\u0130<\/strong><\/p>\n<p>Brezilya bas\u0131n\u0131ndan Vene Casagrande&#8217;nin haberine nazaran;\u00a0<span>Fenerbah\u00e7e, Vasco da Gama&#8217;da forma giyen 19 ya\u015f\u0131ndaki forvet Gabriel Souza&#8217;y\u0131 tak\u0131m\u0131na katt\u0131.<\/p>\n<p><\/span><strong>KASIMPA\u015eA&#8217;YA K\u0130RALANACAK<\/strong><\/p>\n<p>Habere nazaran; Fenerbah\u00e7e, o<span>yuncuyu d\u00f6nem sonuna kadar S\u00fcper Lig tak\u0131mlar\u0131ndan Kas\u0131mpa\u015fa&#8217;ya kiralayacak. \u00d6te yandan Fenerbah\u00e7e,\u00a0<span>oyuncuyla gelecek d\u00f6nem ba\u015f\u0131ndan ba\u015flayacak bi\u00e7imde 5 y\u0131ll\u0131k mukavele imzalayacak.<\/span><\/p>\n<p>Fenerbah\u00e7e&#8217;nin gen\u00e7 oyuncu i\u00e7in Brezilya tak\u0131m\u0131na \u00f6deyece\u011fi bonservis bedeline dair ise haberde ayr\u0131nt\u0131ya yer verilmedi.<\/p>\n<p><strong>GABRIEL SOUZA K\u0130MD\u0130R?<\/strong><\/p>\n<p>1.90 uzunlu\u011fundaki Brezilyal\u0131 forvet, Vasco da Gama formas\u0131yla 8 resmi ma\u00e7ta forma giydi ve bu ma\u00e7larda 1 gol kaydetmeyi ba\u015fard\u0131. Gen\u00e7 oyuncu isminin k\u0131saltmas\u0131 olarak &#8216;GB&#8217; lakab\u0131n\u0131 kullan\u0131yor.<\/span><\/div>\n<p><\/p>\n","protected":false},"excerpt":{"rendered":"<p>Fenerbah\u00e7e, Vasco da Gama&#8217;da forma giyen 19 ya\u015f\u0131ndaki forvet Gabriel Souza&#8217;y\u0131 tak\u0131m\u0131na katt\u0131.<\/p>\n","protected":false},"author":1,"featured_media":17181,"comment_status":"open","ping_status":"open","sticky":false,"template":"","format":"standard","meta":{"footnotes":""},"categories":[25],"tags":[115],"class_list":["post-17180","post","type-post","status-publish","format-standard","has-post-thumbnail","hentry","category-futbol","tag-fenerbahce"],"_links":{"self":[{"href":"https:\/\/haberbesiktas.tr\/index.php?rest_route=\/wp\/v2\/posts\/17180","targetHints":{"allow":["GET"]}}],"collection":[{"href":"https:\/\/haberbesiktas.tr\/index.php?rest_route=\/wp\/v2\/posts"}],"about":[{"href":"https:\/\/haberbesiktas.tr\/index.php?rest_route=\/wp\/v2\/types\/post"}],"author":[{"embeddable":true,"href":"https:\/\/haberbesiktas.tr\/index.php?rest_route=\/wp\/v2\/users\/1"}],"replies":[{"embeddable":true,"href":"https:\/\/haberbesiktas.tr\/index.php?rest_route=%2Fwp%2Fv2%2Fcomments&post=17180"}],"version-history":[{"count":1,"href":"https:\/\/haberbesiktas.tr\/index.php?rest_route=\/wp\/v2\/posts\/17180\/revisions"}],"predecessor-version":[{"id":17182,"href":"https:\/\/haberbesiktas.tr\/index.php?rest_route=\/wp\/v2\/posts\/17180\/revisions\/17182"}],"wp:featuredmedia":[{"embeddable":true,"href":"https:\/\/haberbesiktas.tr\/index.php?rest_route=\/wp\/v2\/media\/17181"}],"wp:attachment":[{"href":"https:\/\/haberbesiktas.tr\/index.php?rest_route=%2Fwp%2Fv2%2Fmedia&parent=17180"}],"wp:term":[{"taxonomy":"category","embeddable":true,"href":"https:\/\/haberbesiktas.tr\/index.php?rest_route=%2Fwp%2Fv2%2Fcategories&post=17180"},{"taxonomy":"post_tag","embeddable":true,"href":"https:\/\/haberbesiktas.tr\/index.php?rest_route=%2Fwp%2Fv2%2Ftags&post=17180"}],"curies":[{"name":"wp","href":"https:\/\/api.w.org\/{rel}","templated":true}]}}