{"id":17186,"date":"2025-04-08T13:48:10","date_gmt":"2025-04-08T13:48:10","guid":{"rendered":"https:\/\/haberbesiktas.tr\/?p=17186"},"modified":"2025-04-08T13:48:10","modified_gmt":"2025-04-08T13:48:10","slug":"besiktasin-yeni-transferi-elan-ricardo-istanbulda","status":"publish","type":"post","link":"https:\/\/haberbesiktas.tr\/?p=17186","title":{"rendered":"Be\u015fikta\u015f&#8217;\u0131n yeni transferi Elan Ricardo \u0130stanbul&#8217;da"},"content":{"rendered":"<div>Be\u015fikta\u015f, orta alan\u0131n\u0131 Kolombiya tak\u0131m\u0131 CD La Equidad&#8217;da forma giyen Elan Ricardo ile g\u00fc\u00e7lendirdi.<\/p>\n<p><span>Siyah-Beyazl\u0131lar&#8217;\u0131n prensip mutabakat\u0131na vard\u0131\u011f\u0131 Kolombiyal\u0131 futbolcu Elan Ricardo, \u0130stanbul&#8217;a geldi.<\/p>\n<p><img decoding=\"async\" src=\"https:\/\/haberbesiktas.tr\/wp-content\/uploads\/2025\/04\/besiktasin-yeni-transferi-elan-ricardo-istanbulda-0-ZcP1KAUN.jpg\"\/><\/span><\/p>\n<p><strong>TRANSFER\u0130N \u015eARTLARI<\/strong><\/p>\n<p> Be\u015fikta\u015f, transfer i\u00e7in 20 ya\u015f\u0131ndaki oyuncu ve CD La Equidad ile mutabakat sa\u011fland\u0131\u011f\u0131n\u0131 duyurdu. Siyah-beyazl\u0131lar, bu transfer i\u00e7in 2 milyon euro bonservis ve sonraki sat\u0131\u015ftan y\u00fczde 10 hisse verecek.\u00a0Elan Ricardo, Be\u015fikta\u015f&#8217;ta y\u0131ll\u0131k 600 bin dolar kazanacak.<\/p>\n<p> Bu d\u00f6nem 3 ma\u00e7a \u00e7\u0131kan gen\u00e7 oyuncu, talih buldu\u011fu 211 dakikada 1 gol att\u0131.<\/p>\n<p> Elan Ricardo, Be\u015fikta\u015f&#8217;a transferini tamamlamak i\u00e7in sal\u0131 g\u00fcn\u00fc \u0130stanbul&#8217;a gelecek.<\/p>\n<p><img decoding=\"async\" src=\"https:\/\/haberbesiktas.tr\/wp-content\/uploads\/2025\/04\/besiktasin-yeni-transferi-elan-ricardo-istanbulda-1-pxdCDjbu.jpg\"\/><\/p>\n<p> <strong>ELAN RICARDO K\u0130MD\u0130R?<\/strong><\/p>\n<p> 20 \u015eubat 2004 tarihinde Kolombiya&#8217;da d\u00fcnyaya geldi. 184 cm uzunlu\u011fundaki orta saha oyuncusu CD La Equidad kul\u00fcb\u00fcn\u00fcn altyap\u0131s\u0131nda yeti\u015fti ve birebir kul\u00fcpte A kadroya y\u00fckseldi.<\/p>\n<p><img decoding=\"async\" src=\"https:\/\/haberbesiktas.tr\/wp-content\/uploads\/2025\/04\/besiktasin-yeni-transferi-elan-ricardo-istanbulda-2-vnmGxHCw.jpg\"\/><\/p>\n<\/div>\n<p><\/p>\n","protected":false},"excerpt":{"rendered":"<p>Be\u015fikta\u015f&#8217;\u0131n prensip muahedesine vard\u0131\u011f\u0131 Kolombiyal\u0131 futbolcu Elan Ricardo, \u0130stanbul&#8217;a geldi.<\/p>\n","protected":false},"author":1,"featured_media":17187,"comment_status":"open","ping_status":"open","sticky":false,"template":"","format":"standard","meta":{"footnotes":""},"categories":[25],"tags":[1804],"class_list":["post-17186","post","type-post","status-publish","format-standard","has-post-thumbnail","hentry","category-futbol","tag-elan"],"_links":{"self":[{"href":"https:\/\/haberbesiktas.tr\/index.php?rest_route=\/wp\/v2\/posts\/17186","targetHints":{"allow":["GET"]}}],"collection":[{"href":"https:\/\/haberbesiktas.tr\/index.php?rest_route=\/wp\/v2\/posts"}],"about":[{"href":"https:\/\/haberbesiktas.tr\/index.php?rest_route=\/wp\/v2\/types\/post"}],"author":[{"embeddable":true,"href":"https:\/\/haberbesiktas.tr\/index.php?rest_route=\/wp\/v2\/users\/1"}],"replies":[{"embeddable":true,"href":"https:\/\/haberbesiktas.tr\/index.php?rest_route=%2Fwp%2Fv2%2Fcomments&post=17186"}],"version-history":[{"count":1,"href":"https:\/\/haberbesiktas.tr\/index.php?rest_route=\/wp\/v2\/posts\/17186\/revisions"}],"predecessor-version":[{"id":17191,"href":"https:\/\/haberbesiktas.tr\/index.php?rest_route=\/wp\/v2\/posts\/17186\/revisions\/17191"}],"wp:featuredmedia":[{"embeddable":true,"href":"https:\/\/haberbesiktas.tr\/index.php?rest_route=\/wp\/v2\/media\/17187"}],"wp:attachment":[{"href":"https:\/\/haberbesiktas.tr\/index.php?rest_route=%2Fwp%2Fv2%2Fmedia&parent=17186"}],"wp:term":[{"taxonomy":"category","embeddable":true,"href":"https:\/\/haberbesiktas.tr\/index.php?rest_route=%2Fwp%2Fv2%2Fcategories&post=17186"},{"taxonomy":"post_tag","embeddable":true,"href":"https:\/\/haberbesiktas.tr\/index.php?rest_route=%2Fwp%2Fv2%2Ftags&post=17186"}],"curies":[{"name":"wp","href":"https:\/\/api.w.org\/{rel}","templated":true}]}}