{"id":17192,"date":"2025-04-08T14:00:07","date_gmt":"2025-04-08T14:00:07","guid":{"rendered":"https:\/\/haberbesiktas.tr\/?p=17192"},"modified":"2025-04-08T14:00:07","modified_gmt":"2025-04-08T14:00:07","slug":"galatasarayda-cuestaya-tam-not","status":"publish","type":"post","link":"https:\/\/haberbesiktas.tr\/?p=17192","title":{"rendered":"Galatasaray&#8217;da Cuesta&#8217;ya tam not!"},"content":{"rendered":"<div>Galatasaray&#8217;\u0131n Genk&#8217;ten 8 milyon Euro kar\u015f\u0131l\u0131\u011f\u0131nda tak\u0131m\u0131na katt\u0131\u011f\u0131 Kolombiyal\u0131 stoper Carlos Cuesta birinci ma\u00e7\u0131na Adana Demirspor kar\u015f\u0131s\u0131nda \u00e7\u0131kt\u0131.<\/p>\n<p> Yar\u0131da kalan ma\u00e7a birinci 11&#8217;de ba\u015flayan 25 ya\u015f\u0131ndaki savunmac\u0131 k\u0131sa m\u00fchlete kar\u015f\u0131n ortaya koydu\u011fu performansla taraftarlardan tam not ald\u0131.<\/p>\n<p> 30 dakikada att\u0131\u011f\u0131 16 pas\u0131n hepsinde isabet sa\u011flayan Cuesta, girdi\u011fi 3 gayretin 2&#8217;sini kazand\u0131. 1.79 uzunlu\u011fundaki savunma oyuncusu 2 kere de rakip ekibin ata\u011f\u0131n\u0131 keserek tehlikeyi \u00f6nleyen isim oldu.<\/p>\n<p> <strong>TEPK\u0130LER\u0130 D\u0130ND\u0130RD\u0130<\/strong><\/p>\n<p> Sar\u0131-K\u0131rm\u0131z\u0131l\u0131 taraftarlar Cuesta&#8217;n\u0131n uzunlu\u011funun k\u0131sa oldu\u011fu gerek\u00e7esiyle transfer i\u00e7in idareye reaksiyon g\u00f6stermi\u015fti. Cuesta, \u00f6l\u00e7\u00fc olmasa da bu performans\u0131yla reaksiyonlar\u0131 biraz dindirdi.\u00a0<\/p>\n<div>\u00a0<\/div>\n<\/div>\n<p><\/p>\n","protected":false},"excerpt":{"rendered":"<p>Galatasaray&#8217;\u0131n yeni stoperi birinci ma\u00e7\u0131nda ortaya koydu\u011fu 30 dakikal\u0131k performans\u0131yla taraftarlar\u0131n b\u00fcy\u00fck be\u011fenisini kazand\u0131.<\/p>\n","protected":false},"author":1,"featured_media":17193,"comment_status":"open","ping_status":"open","sticky":false,"template":"","format":"standard","meta":{"footnotes":""},"categories":[25],"tags":[],"class_list":["post-17192","post","type-post","status-publish","format-standard","has-post-thumbnail","hentry","category-futbol"],"_links":{"self":[{"href":"https:\/\/haberbesiktas.tr\/index.php?rest_route=\/wp\/v2\/posts\/17192","targetHints":{"allow":["GET"]}}],"collection":[{"href":"https:\/\/haberbesiktas.tr\/index.php?rest_route=\/wp\/v2\/posts"}],"about":[{"href":"https:\/\/haberbesiktas.tr\/index.php?rest_route=\/wp\/v2\/types\/post"}],"author":[{"embeddable":true,"href":"https:\/\/haberbesiktas.tr\/index.php?rest_route=\/wp\/v2\/users\/1"}],"replies":[{"embeddable":true,"href":"https:\/\/haberbesiktas.tr\/index.php?rest_route=%2Fwp%2Fv2%2Fcomments&post=17192"}],"version-history":[{"count":1,"href":"https:\/\/haberbesiktas.tr\/index.php?rest_route=\/wp\/v2\/posts\/17192\/revisions"}],"predecessor-version":[{"id":17194,"href":"https:\/\/haberbesiktas.tr\/index.php?rest_route=\/wp\/v2\/posts\/17192\/revisions\/17194"}],"wp:featuredmedia":[{"embeddable":true,"href":"https:\/\/haberbesiktas.tr\/index.php?rest_route=\/wp\/v2\/media\/17193"}],"wp:attachment":[{"href":"https:\/\/haberbesiktas.tr\/index.php?rest_route=%2Fwp%2Fv2%2Fmedia&parent=17192"}],"wp:term":[{"taxonomy":"category","embeddable":true,"href":"https:\/\/haberbesiktas.tr\/index.php?rest_route=%2Fwp%2Fv2%2Fcategories&post=17192"},{"taxonomy":"post_tag","embeddable":true,"href":"https:\/\/haberbesiktas.tr\/index.php?rest_route=%2Fwp%2Fv2%2Ftags&post=17192"}],"curies":[{"name":"wp","href":"https:\/\/api.w.org\/{rel}","templated":true}]}}