{"id":17201,"date":"2025-04-08T14:36:07","date_gmt":"2025-04-08T14:36:07","guid":{"rendered":"https:\/\/haberbesiktas.tr\/?p=17201"},"modified":"2025-04-08T14:36:07","modified_gmt":"2025-04-08T14:36:07","slug":"fenerbahcede-ansu-fati-harekati","status":"publish","type":"post","link":"https:\/\/haberbesiktas.tr\/?p=17201","title":{"rendered":"Fenerbah\u00e7e&#8217;de Ansu Fati harekat\u0131!"},"content":{"rendered":"<div>\n<p>Transferin son g\u00fcn\u00fcnde Allan Saint- Maximin&#8217;in Napoli&#8217;ye transferi ger\u00e7ekle\u015fmeyince sar\u0131-lacivertlilerin Ansu Fati te\u015febb\u00fcs\u00fc sonu\u00e7suz kalm\u0131\u015ft\u0131.\u00a0<\/p>\n<p> \u0130spanyol medyas\u0131na yans\u0131yan haberlere nazaran; Fenerbah\u00e7e, \u0130spanyol oyuncu Ansu Fati&#8217;yi yaz transfer periyodunda tak\u0131m\u0131na katmay\u0131 planl\u0131yor.<\/p>\n<p> Gelecek d\u00f6nem yine yap\u0131lanmaya gidecek olan Barcelona, cazip bir teklif gelmesi halinde Fati&#8217;nin ayr\u0131l\u0131\u011f\u0131na a\u00e7\u0131k. Fenerbah\u00e7e de hamle s\u0131n\u0131r\u0131n\u0131 g\u00fc\u00e7lendirmek i\u00e7in bu ayr\u0131l\u0131k ihtimalini f\u0131rsat olarak g\u00f6r\u00fcyor. Jose Mourinho da oyuncunun kaybetti\u011fi \u00f6zg\u00fcvenini yine kazanmas\u0131na yard\u0131mc\u0131 olabilece\u011fini d\u00fc\u015f\u00fcn\u00fcyor.\u00a0<\/p>\n<p> <strong>MOURINHO, FATI&#8217;Y\u0130 \u00c7OK \u0130ST\u0130YOR\u00a0<\/strong><\/p>\n<p> Avrupa&#8217;da fark yaratmak isteyen T\u00fcrk kul\u00fcb\u00fc, gen\u00e7 yetene\u011fi tak\u0131m\u0131na katmaya odaklanm\u0131\u015f durumda. Ansu Fati&#8217;nin baht\u0131 \u00f6n\u00fcm\u00fczdeki yaz transfer devrinde \u015fekillenecek. Lakin Mourinho, Barcelonal\u0131 y\u0131ld\u0131z\u0131 Fenerbah\u00e7e&#8217;ye transfer etmeyi \u00e7ok istiyor.&#8221; Fenerbah\u00e7e, Maximin&#8217;le devre ortas\u0131nda yollar\u0131n\u0131 ay\u0131rsayd\u0131, Fati&#8217;yi sat\u0131n alma opsiyonuyla kiralayacakt\u0131.<\/p>\n<\/div>\n<p><\/p>\n","protected":false},"excerpt":{"rendered":"<p>Fenerbah\u00e7e&#8217;de Allan Saint Maximin&#8217;in grupta kalmas\u0131n\u0131n akabinde ask\u0131ya al\u0131nan Ansu Fati transferi i\u00e7in d\u00f6nem sonunda tekrar harekete ge\u00e7ilecek.<\/p>\n","protected":false},"author":1,"featured_media":17202,"comment_status":"open","ping_status":"open","sticky":false,"template":"","format":"standard","meta":{"footnotes":""},"categories":[25],"tags":[1236,48],"class_list":["post-17201","post","type-post","status-publish","format-standard","has-post-thumbnail","hentry","category-futbol","tag-fati","tag-transfer"],"_links":{"self":[{"href":"https:\/\/haberbesiktas.tr\/index.php?rest_route=\/wp\/v2\/posts\/17201","targetHints":{"allow":["GET"]}}],"collection":[{"href":"https:\/\/haberbesiktas.tr\/index.php?rest_route=\/wp\/v2\/posts"}],"about":[{"href":"https:\/\/haberbesiktas.tr\/index.php?rest_route=\/wp\/v2\/types\/post"}],"author":[{"embeddable":true,"href":"https:\/\/haberbesiktas.tr\/index.php?rest_route=\/wp\/v2\/users\/1"}],"replies":[{"embeddable":true,"href":"https:\/\/haberbesiktas.tr\/index.php?rest_route=%2Fwp%2Fv2%2Fcomments&post=17201"}],"version-history":[{"count":1,"href":"https:\/\/haberbesiktas.tr\/index.php?rest_route=\/wp\/v2\/posts\/17201\/revisions"}],"predecessor-version":[{"id":17203,"href":"https:\/\/haberbesiktas.tr\/index.php?rest_route=\/wp\/v2\/posts\/17201\/revisions\/17203"}],"wp:featuredmedia":[{"embeddable":true,"href":"https:\/\/haberbesiktas.tr\/index.php?rest_route=\/wp\/v2\/media\/17202"}],"wp:attachment":[{"href":"https:\/\/haberbesiktas.tr\/index.php?rest_route=%2Fwp%2Fv2%2Fmedia&parent=17201"}],"wp:term":[{"taxonomy":"category","embeddable":true,"href":"https:\/\/haberbesiktas.tr\/index.php?rest_route=%2Fwp%2Fv2%2Fcategories&post=17201"},{"taxonomy":"post_tag","embeddable":true,"href":"https:\/\/haberbesiktas.tr\/index.php?rest_route=%2Fwp%2Fv2%2Ftags&post=17201"}],"curies":[{"name":"wp","href":"https:\/\/api.w.org\/{rel}","templated":true}]}}