{"id":17207,"date":"2025-04-08T15:00:07","date_gmt":"2025-04-08T15:00:07","guid":{"rendered":"https:\/\/haberbesiktas.tr\/?p=17207"},"modified":"2025-04-08T15:00:07","modified_gmt":"2025-04-08T15:00:07","slug":"carsamba-gunu-gozler-mhkde-olacak","status":"publish","type":"post","link":"https:\/\/haberbesiktas.tr\/?p=17207","title":{"rendered":"\u00c7ar\u015famba g\u00fcn\u00fc g\u00f6zler MHK&#8217;de olacak!"},"content":{"rendered":"<div>T\u00fcrkiye Futbol Federasyonu y\u00f6netim kurulu 12 \u015eubat \u00c7ar\u015famba g\u00fcn\u00fc toplanacak. Masaya son ya\u015fanan olaylar da gelecek&#8230;<\/p>\n<p> Merkez Hakem Kurulu da bug\u00fcn Riva&#8217;da biraraya gelecek ve Galatasaray- Adana Demir ma\u00e7\u0131n\u0131n VAR kay\u0131tlar\u0131 dinlenecek.<\/p>\n<p> Lider Ferhat G\u00fcndo\u011fdu&#8217;nun g\u00fcn i\u00e7inde a\u00e7\u0131klama yapaca\u011f\u0131 \u00f6\u011frenildi.<\/p>\n<p> <strong>&#8220;MHK&#8217;N\u0130N \u0130ST\u0130FASI \u0130STENECEK&#8221;<\/strong><\/p>\n<p> Bu ortada TFF kulislerine nazaran; Merkez Hakem \u015euras\u0131&#8217;n\u0131n istifas\u0131n\u0131n istenece\u011fi sav edildi.<\/p>\n<p> \u00d6te yandan Hukuk Kurulu, bug\u00fcn olay m\u00fcsabakayla ilgili sevkleri yapacak.\u00a0<\/p>\n<\/div>\n<p><\/p>\n","protected":false},"excerpt":{"rendered":"<p>T\u00fcrkiye Futbol Federasyonu y\u00f6netim kurulu 12 \u015eubat \u00c7ar\u015famba g\u00fcn\u00fc toplanacak. TFF kulislerine nazaran; Merkez Hakem \u015euras\u0131&#8217;n\u0131n istifas\u0131 istenecek.<\/p>\n","protected":false},"author":1,"featured_media":17208,"comment_status":"open","ping_status":"open","sticky":false,"template":"","format":"standard","meta":{"footnotes":""},"categories":[25],"tags":[],"class_list":["post-17207","post","type-post","status-publish","format-standard","has-post-thumbnail","hentry","category-futbol"],"_links":{"self":[{"href":"https:\/\/haberbesiktas.tr\/index.php?rest_route=\/wp\/v2\/posts\/17207","targetHints":{"allow":["GET"]}}],"collection":[{"href":"https:\/\/haberbesiktas.tr\/index.php?rest_route=\/wp\/v2\/posts"}],"about":[{"href":"https:\/\/haberbesiktas.tr\/index.php?rest_route=\/wp\/v2\/types\/post"}],"author":[{"embeddable":true,"href":"https:\/\/haberbesiktas.tr\/index.php?rest_route=\/wp\/v2\/users\/1"}],"replies":[{"embeddable":true,"href":"https:\/\/haberbesiktas.tr\/index.php?rest_route=%2Fwp%2Fv2%2Fcomments&post=17207"}],"version-history":[{"count":1,"href":"https:\/\/haberbesiktas.tr\/index.php?rest_route=\/wp\/v2\/posts\/17207\/revisions"}],"predecessor-version":[{"id":17209,"href":"https:\/\/haberbesiktas.tr\/index.php?rest_route=\/wp\/v2\/posts\/17207\/revisions\/17209"}],"wp:featuredmedia":[{"embeddable":true,"href":"https:\/\/haberbesiktas.tr\/index.php?rest_route=\/wp\/v2\/media\/17208"}],"wp:attachment":[{"href":"https:\/\/haberbesiktas.tr\/index.php?rest_route=%2Fwp%2Fv2%2Fmedia&parent=17207"}],"wp:term":[{"taxonomy":"category","embeddable":true,"href":"https:\/\/haberbesiktas.tr\/index.php?rest_route=%2Fwp%2Fv2%2Fcategories&post=17207"},{"taxonomy":"post_tag","embeddable":true,"href":"https:\/\/haberbesiktas.tr\/index.php?rest_route=%2Fwp%2Fv2%2Ftags&post=17207"}],"curies":[{"name":"wp","href":"https:\/\/api.w.org\/{rel}","templated":true}]}}