{"id":17210,"date":"2025-04-08T15:12:07","date_gmt":"2025-04-08T15:12:07","guid":{"rendered":"https:\/\/haberbesiktas.tr\/?p=17210"},"modified":"2025-04-08T15:12:07","modified_gmt":"2025-04-08T15:12:07","slug":"fenerbahcede-sakatliklar-icin-acil-eylem-plani","status":"publish","type":"post","link":"https:\/\/haberbesiktas.tr\/?p=17210","title":{"rendered":"Fenerbah\u00e7e&#8217;de sakatl\u0131klar i\u00e7in acil eylem plan\u0131!"},"content":{"rendered":"<div>\n<p>Son 2 ma\u00e7ta 4 stoperini sakatl\u0131\u011fa kurban veren Fenerbah\u00e7e&#8217;de 13 \u015eubat Per\u015fembe g\u00fcn\u00fc oynanacak kritik Avrupa s\u0131nav\u0131 \u00f6ncesi alarm zilleri \u00e7al\u0131yor.<\/p>\n<p> Hafta i\u00e7inde kupadaki Erzurumspor m\u00fcsabakas\u0131nda Alexander Djiku, Diego Carlos ve Yusuf Ak\u00e7i\u00e7ek&#8217;i kaybeden sar\u0131-lacivertlilerde evvelki g\u00fcn de ligde Alanyaspor u\u011fra\u015f\u0131nda \u00c7a\u011flar S\u00f6y\u00fcnc\u00fc sorun ya\u015fad\u0131.\u00a0<\/p>\n<p> D\u00f6nemi kapatan Becao ve Oosterwolde&#8217;nin yan\u0131 s\u0131ra tedavisi devam eden Mert M\u00fcld\u00fcr&#8217;\u00fcn de eksik oldu\u011fu sar\u0131 lacivertlilerde teknik y\u00f6netici Jose Mourinho, savunmada harika hal ilan etti.\u00a0<\/p>\n<p> <strong>YUSUF VE MERT&#8217;\u0130N HAZIR HALE GELMES\u0130N\u0130 \u0130STED\u0130\u00a0<\/strong><\/p>\n<p> Eksiklerin fazlal\u0131\u011f\u0131 nedeniyle defansta alternatifler \u00fczerinde a\u011f\u0131r bir \u00e7al\u0131\u015fma y\u00fcr\u00fcten ve elinde yaln\u0131zca Skriniar kalan Portekizli \u00e7al\u0131\u015ft\u0131r\u0131c\u0131, Yusuf Ak\u00e7i\u00e7ek ile Mert M\u00fcld\u00fcr&#8217;\u00fcn bir an evvel haz\u0131r hale gelmesini istedi.\u00a0<\/p>\n<p> <strong>ANDERLECHT MA\u00c7INA YET\u0130\u015eT\u0130R\u0130LMES\u0130 \u0130\u00c7\u0130N A\u011eIR U\u011eRA\u015e HARCANIYOR<\/strong><\/p>\n<p> S\u0131hhat heyeti, iki oyuncunun s\u00fcratle uygunla\u015fmas\u0131 i\u00e7in \u00f6zel bir program uygularken, Kad\u0131k\u00f6y&#8217;de oynanacak olan Anderlecht ma\u00e7\u0131na yeti\u015fmeleri i\u00e7in a\u011f\u0131r u\u011fra\u015f harcan\u0131yor. Ola\u011fan ko\u015fullarda bu iki futbolcu i\u00e7in Kas\u0131mpa\u015fa ma\u00e7\u0131 gaye al\u0131n\u0131yordu.<\/p>\n<\/div>\n<p><\/p>\n","protected":false},"excerpt":{"rendered":"<p>Fenerbah\u00e7e&#8217;de stoperler Alexander Djiku, Diego Carlos ve Yusuf Ak\u00e7i\u00e7ek&#8217;in akabinde \u00c7a\u011flar S\u00f6y\u00fcnc\u00fcn\u00fcn de eksilmesi Jose Mourinho&#8217;yu alternatif aray\u0131\u015f\u0131na itti.<\/p>\n","protected":false},"author":1,"featured_media":17211,"comment_status":"open","ping_status":"open","sticky":false,"template":"","format":"standard","meta":{"footnotes":""},"categories":[25],"tags":[],"class_list":["post-17210","post","type-post","status-publish","format-standard","has-post-thumbnail","hentry","category-futbol"],"_links":{"self":[{"href":"https:\/\/haberbesiktas.tr\/index.php?rest_route=\/wp\/v2\/posts\/17210","targetHints":{"allow":["GET"]}}],"collection":[{"href":"https:\/\/haberbesiktas.tr\/index.php?rest_route=\/wp\/v2\/posts"}],"about":[{"href":"https:\/\/haberbesiktas.tr\/index.php?rest_route=\/wp\/v2\/types\/post"}],"author":[{"embeddable":true,"href":"https:\/\/haberbesiktas.tr\/index.php?rest_route=\/wp\/v2\/users\/1"}],"replies":[{"embeddable":true,"href":"https:\/\/haberbesiktas.tr\/index.php?rest_route=%2Fwp%2Fv2%2Fcomments&post=17210"}],"version-history":[{"count":1,"href":"https:\/\/haberbesiktas.tr\/index.php?rest_route=\/wp\/v2\/posts\/17210\/revisions"}],"predecessor-version":[{"id":17212,"href":"https:\/\/haberbesiktas.tr\/index.php?rest_route=\/wp\/v2\/posts\/17210\/revisions\/17212"}],"wp:featuredmedia":[{"embeddable":true,"href":"https:\/\/haberbesiktas.tr\/index.php?rest_route=\/wp\/v2\/media\/17211"}],"wp:attachment":[{"href":"https:\/\/haberbesiktas.tr\/index.php?rest_route=%2Fwp%2Fv2%2Fmedia&parent=17210"}],"wp:term":[{"taxonomy":"category","embeddable":true,"href":"https:\/\/haberbesiktas.tr\/index.php?rest_route=%2Fwp%2Fv2%2Fcategories&post=17210"},{"taxonomy":"post_tag","embeddable":true,"href":"https:\/\/haberbesiktas.tr\/index.php?rest_route=%2Fwp%2Fv2%2Ftags&post=17210"}],"curies":[{"name":"wp","href":"https:\/\/api.w.org\/{rel}","templated":true}]}}