{"id":17213,"date":"2025-04-08T15:24:09","date_gmt":"2025-04-08T15:24:09","guid":{"rendered":"https:\/\/haberbesiktas.tr\/?p=17213"},"modified":"2025-04-08T15:24:09","modified_gmt":"2025-04-08T15:24:09","slug":"fenerbahce-sakatliklarla-bogusuyor","status":"publish","type":"post","link":"https:\/\/haberbesiktas.tr\/?p=17213","title":{"rendered":"Fenerbah\u00e7e sakatl\u0131klarla bo\u011fu\u015fuyor!"},"content":{"rendered":"<div>\n<p>Fenerbah\u00e7e&#8217;de savunma b\u00f6lgesinde ya\u015fanan \u00fcst \u00fcste sakatl\u0131klar alarm veriyor.<\/p>\n<p> Sar\u0131-Lacivertliler&#8217;de kaleci Livakovic&#8217;le birlikte sakatlanan 9 futbolcunun tamam\u0131 defans s\u0131n\u0131r\u0131nda yer al\u0131yor.<\/p>\n<p> T\u00fcrkiye Kupas\u0131&#8217;ndaki Erzurumspor FK ma\u00e7\u0131nda Djiku; Yusuf Ak\u00e7i\u00e7ek ve Diego Carlos&#8217;un sakatl\u0131klar\u0131yla sars\u0131lan Kanarya&#8217;ya bir berbat haber de \u00c7a\u011flar S\u00f6y\u00fcnc\u00fc&#8217;den geldi.\u00a0<\/p>\n<p> Alanyaspor ma\u00e7\u0131n\u0131n 9. dakikas\u0131nda sa\u011f bald\u0131r\u0131ndan sakatlanan 28 ya\u015f\u0131ndaki stoper, oyundaki yerini Amrabat&#8217;a b\u0131rakt\u0131. T\u0131pk\u0131 ma\u00e7ta 70. dakika ma\u00e7a dahil olup sakatlan\u0131p \u00e7\u0131kan \u0130smail Y\u00fcksek g\u00f6zya\u015flar\u0131na hakim olamad\u0131. Oosterwolde ve Becao Sar\u0131-Lacivertliler&#8217;de d\u00f6nemi kapat\u0131rken Mert M\u00fcld\u00fcr ise omzundan sakatlanm\u0131\u015ft\u0131. Fenerbah\u00e7e&#8217;de bu d\u00f6nem 19 futbolcu \u00e7e\u015fitli sakatl\u0131klar ya\u015fad\u0131.<\/p>\n<p> <strong>2-3 HAFTA UZAK KALACAK<\/strong><\/p>\n<p> Fenerbah\u00e7e&#8217;de \u0130smail Y\u00fcksek&#8217;in en az 2-3 hafta alanlardan uzak kalaca\u011f\u0131 \u00f6\u011frenildi. Ulusal futbolcu Alanya ma\u00e7\u0131n\u0131n 70. dakikas\u0131nda Talisca&#8217;n\u0131n yerine oyuna dahil olmu\u015ftu. \u0130smail, 89. dakikada ya\u015fad\u0131\u011f\u0131 uyluk sakatl\u0131\u011f\u0131 sebebiyle 90+2. dakikada yerini Mert Hakan Yanda\u015f&#8217;a b\u0131rakm\u0131\u015ft\u0131.<\/p>\n<p> \u00a0<\/p>\n<\/div>\n<p><\/p>\n","protected":false},"excerpt":{"rendered":"<p>Fenerbah\u00e7e&#8217;de bu d\u00f6nem 19 farkl\u0131 futbolcu sakatland\u0131. \u015eu andaki 9 sakat\u0131n oyuncunun 2&#8217;si ise d\u00f6nemi kapatt\u0131.<\/p>\n","protected":false},"author":1,"featured_media":17214,"comment_status":"open","ping_status":"open","sticky":false,"template":"","format":"standard","meta":{"footnotes":""},"categories":[25],"tags":[109],"class_list":["post-17213","post","type-post","status-publish","format-standard","has-post-thumbnail","hentry","category-futbol","tag-dakika"],"_links":{"self":[{"href":"https:\/\/haberbesiktas.tr\/index.php?rest_route=\/wp\/v2\/posts\/17213","targetHints":{"allow":["GET"]}}],"collection":[{"href":"https:\/\/haberbesiktas.tr\/index.php?rest_route=\/wp\/v2\/posts"}],"about":[{"href":"https:\/\/haberbesiktas.tr\/index.php?rest_route=\/wp\/v2\/types\/post"}],"author":[{"embeddable":true,"href":"https:\/\/haberbesiktas.tr\/index.php?rest_route=\/wp\/v2\/users\/1"}],"replies":[{"embeddable":true,"href":"https:\/\/haberbesiktas.tr\/index.php?rest_route=%2Fwp%2Fv2%2Fcomments&post=17213"}],"version-history":[{"count":1,"href":"https:\/\/haberbesiktas.tr\/index.php?rest_route=\/wp\/v2\/posts\/17213\/revisions"}],"predecessor-version":[{"id":17215,"href":"https:\/\/haberbesiktas.tr\/index.php?rest_route=\/wp\/v2\/posts\/17213\/revisions\/17215"}],"wp:featuredmedia":[{"embeddable":true,"href":"https:\/\/haberbesiktas.tr\/index.php?rest_route=\/wp\/v2\/media\/17214"}],"wp:attachment":[{"href":"https:\/\/haberbesiktas.tr\/index.php?rest_route=%2Fwp%2Fv2%2Fmedia&parent=17213"}],"wp:term":[{"taxonomy":"category","embeddable":true,"href":"https:\/\/haberbesiktas.tr\/index.php?rest_route=%2Fwp%2Fv2%2Fcategories&post=17213"},{"taxonomy":"post_tag","embeddable":true,"href":"https:\/\/haberbesiktas.tr\/index.php?rest_route=%2Fwp%2Fv2%2Ftags&post=17213"}],"curies":[{"name":"wp","href":"https:\/\/api.w.org\/{rel}","templated":true}]}}