{"id":17219,"date":"2025-04-08T15:48:09","date_gmt":"2025-04-08T15:48:09","guid":{"rendered":"https:\/\/haberbesiktas.tr\/?p=17219"},"modified":"2025-04-08T15:48:09","modified_gmt":"2025-04-08T15:48:09","slug":"iddia-kumarhane-goruntusu-cikti-hakemligi-birakti","status":"publish","type":"post","link":"https:\/\/haberbesiktas.tr\/?p=17219","title":{"rendered":"\u0130ddia: &#8220;Kumarhane g\u00f6r\u00fcnt\u00fcs\u00fc \u00e7\u0131kt\u0131, hakemli\u011fi b\u0131rakt\u0131!&#8221;"},"content":{"rendered":"<div>38 \u00fczere erken bir ya\u015fta FIFA kokart\u0131 takan hakem Ya\u015far Kemal U\u011furlu&#8217;nun, d\u00fcd\u00fc\u011f\u00fcn\u00fc asmas\u0131n\u0131n perde gerisiyle ilgili \u00e7arp\u0131c\u0131 bir tez ortaya at\u0131ld\u0131.<\/p>\n<p> \u0130brahim Seten&#8217;in TV100&#8217;deki Saha D\u0131\u015f\u0131 program\u0131nda aktard\u0131\u011f\u0131 teze nazaran; Ya\u015far Kemal U\u011furlu&#8217;nun kumarhanedeki imgesi MHK&#8217;ye ula\u015ft\u0131. MHK, foto\u011fraf\u0131n montajlan\u0131p montajlanmad\u0131\u011f\u0131n\u0131 inceletti, foto\u011fraf\u0131n ger\u00e7ek oldu\u011fu anla\u015f\u0131ld\u0131.<\/p>\n<p> <strong>&#8220;KEND\u0130 PARANLA KALDI\u011eINI KANITLA&#8221;<\/strong><\/p>\n<p> MHK, Ya\u015far Kemal U\u011furlu&#8217;yla toplant\u0131 yapt\u0131. U\u011furlu&#8217;ya &#8216;Bu senin \u00f6zel hayat\u0131n, biz buna kar\u0131\u015fmay\u0131z. Lakin bu otelde kendi paranla kald\u0131\u011f\u0131n\u0131 ispatla, bir evrak ibraz et.&#8217; dendi. U\u011furlu, otelde kendi paras\u0131yla kald\u0131\u011f\u0131n\u0131 kan\u0131tlayamad\u0131.<\/p>\n<p><img decoding=\"async\" src=\"https:\/\/haberbesiktas.tr\/wp-content\/uploads\/2025\/04\/iddia-kumarhane-goruntusu-cikti-hakemligi-birakti-0-GLZOj6YS.jpg\"\/><\/p>\n<p><em><span><strong>Foto\u011fraf: \u0130brahim Seten<\/strong><\/span><\/em><\/p>\n<p> <strong>KIBRIS&#8217;A G\u0130TT\u0130\u011e\u0130NE DA\u0130R KAYIT YOK<\/strong><\/p>\n<p> U\u011furlu&#8217;nun Kuzey K\u0131br\u0131s&#8217;ta olmas\u0131na ra\u011fmen hi\u00e7bir kayd\u0131n\u0131n da olmad\u0131\u011f\u0131 anla\u015f\u0131ld\u0131.<\/p>\n<p> <strong>KUL\u00dcPLER, MHK&#8217;DEN A\u00c7IKLAMA \u0130STED\u0130<\/strong><\/p>\n<p> Konu, S\u00fcper Lig kul\u00fcplerine de yans\u0131d\u0131 ve kul\u00fcpler de MHK&#8217;ye bu hususta ba\u015fvurdu, a\u00e7\u0131klama talep etti.<\/p>\n<p> <strong>ARDINDAN \u0130ST\u0130FA ETT\u0130<\/strong><\/p>\n<p> Bu geli\u015fmeler \u00fczerine 38 ya\u015f\u0131nda FIFA kokart\u0131 takan Ya\u015far Kemal U\u011furlu&#8217;nun klasman\u0131 d\u00fc\u015f\u00fcr\u00fcld\u00fc ve bunun \u00fczerine U\u011furlu, 5 \u015eubat 2025&#8217;teki resmi a\u00e7\u0131klamayla hakemli\u011fe veda etti.<\/p>\n<p> Vedan\u0131n perde ard\u0131nda da kumarhane imgeleri oldu\u011fu \u00f6ne s\u00fcr\u00fcld\u00fc.<\/p>\n<\/div>\n<p><\/p>\n","protected":false},"excerpt":{"rendered":"<p>Bir devir FIFA kokart\u0131 da takan eski hakem Ya\u015far Kemal U\u011furlu&#8217;nun kumarhanedeki foto\u011fraf\u0131 nedeniyle hakemli\u011fi b\u0131rakt\u0131\u011f\u0131 \u00f6ne s\u00fcr\u00fcld\u00fc.<\/p>\n","protected":false},"author":1,"featured_media":17220,"comment_status":"open","ping_status":"open","sticky":false,"template":"","format":"standard","meta":{"footnotes":""},"categories":[25],"tags":[],"class_list":["post-17219","post","type-post","status-publish","format-standard","has-post-thumbnail","hentry","category-futbol"],"_links":{"self":[{"href":"https:\/\/haberbesiktas.tr\/index.php?rest_route=\/wp\/v2\/posts\/17219","targetHints":{"allow":["GET"]}}],"collection":[{"href":"https:\/\/haberbesiktas.tr\/index.php?rest_route=\/wp\/v2\/posts"}],"about":[{"href":"https:\/\/haberbesiktas.tr\/index.php?rest_route=\/wp\/v2\/types\/post"}],"author":[{"embeddable":true,"href":"https:\/\/haberbesiktas.tr\/index.php?rest_route=\/wp\/v2\/users\/1"}],"replies":[{"embeddable":true,"href":"https:\/\/haberbesiktas.tr\/index.php?rest_route=%2Fwp%2Fv2%2Fcomments&post=17219"}],"version-history":[{"count":1,"href":"https:\/\/haberbesiktas.tr\/index.php?rest_route=\/wp\/v2\/posts\/17219\/revisions"}],"predecessor-version":[{"id":17222,"href":"https:\/\/haberbesiktas.tr\/index.php?rest_route=\/wp\/v2\/posts\/17219\/revisions\/17222"}],"wp:featuredmedia":[{"embeddable":true,"href":"https:\/\/haberbesiktas.tr\/index.php?rest_route=\/wp\/v2\/media\/17220"}],"wp:attachment":[{"href":"https:\/\/haberbesiktas.tr\/index.php?rest_route=%2Fwp%2Fv2%2Fmedia&parent=17219"}],"wp:term":[{"taxonomy":"category","embeddable":true,"href":"https:\/\/haberbesiktas.tr\/index.php?rest_route=%2Fwp%2Fv2%2Fcategories&post=17219"},{"taxonomy":"post_tag","embeddable":true,"href":"https:\/\/haberbesiktas.tr\/index.php?rest_route=%2Fwp%2Fv2%2Ftags&post=17219"}],"curies":[{"name":"wp","href":"https:\/\/api.w.org\/{rel}","templated":true}]}}