{"id":17226,"date":"2025-04-08T16:12:08","date_gmt":"2025-04-08T16:12:08","guid":{"rendered":"https:\/\/haberbesiktas.tr\/?p=17226"},"modified":"2025-04-08T16:12:08","modified_gmt":"2025-04-08T16:12:08","slug":"stefano-denswil-kocaelispora-cok-yakin","status":"publish","type":"post","link":"https:\/\/haberbesiktas.tr\/?p=17226","title":{"rendered":"Stefano Denswil, Kocaelispor&#8217;a \u00e7ok yak\u0131n!"},"content":{"rendered":"<div>Trabzonspor&#8217;da teknik heyetin raporu do\u011frultusunda tak\u0131m d\u0131\u015f\u0131 b\u0131rak\u0131lan Stefano Denswil, devre ortas\u0131 transfer periyodunun son g\u00fcnlerinde Kocaelispor&#8217;un radar\u0131na girdi.<\/p>\n<p> Gazeteci G\u00f6khan Be\u015fikta\u015f&#8217;\u0131n aktard\u0131\u011f\u0131 bilgilere nazaran, Kocaelispor ve Denswil muahede etab\u0131na geldi.<\/p>\n<p> <strong>SON AYRINTILARI G\u00d6R\u00dc\u015e\u00dcYOR<br \/><\/strong><br \/>Ligde tepe \u00e7abas\u0131 veren Kocaelispor, gelecek d\u00f6nem Muhte\u015fem Lig&#8217;e \u00e7\u0131kma amac\u0131 do\u011frultusunda transfer \u00e7al\u0131\u015fmalar\u0131n\u0131 s\u00fcrd\u00fcr\u00fcyor. Manisa FK deplasman\u0131na \u00e7\u0131kacak olan ye\u015fil-siyahl\u0131 grup, transfer devrinin kapanmas\u0131na k\u0131sa bir m\u00fcddet kala Trabzonspor&#8217;dan ayr\u0131lacak olan 30 ya\u015f\u0131ndaki Surinam as\u0131ll\u0131 Hollandal\u0131 stoperi tak\u0131m\u0131na katmak i\u00e7in son ayr\u0131nt\u0131lar\u0131 g\u00f6r\u00fc\u015f\u00fcyor.<\/p>\n<p> <strong>RESM\u0130 A\u00c7IKLAMA BEKLEN\u0130YOR<br \/><\/strong><br \/>Denswil&#8217;in kiral\u0131k olarak Kocaelispor&#8217;a kat\u0131lmas\u0131 beklenirken, resmi a\u00e7\u0131klaman\u0131n k\u0131sa m\u00fcddet i\u00e7inde yap\u0131lmas\u0131 g\u00fcndemde. Deneyimli savunmac\u0131n\u0131n, Trabzonspor&#8217;da forma baht\u0131 bulamamas\u0131 nedeniyle yeni bir ba\u015flang\u0131\u00e7 yapmak istedi\u011fi ve Kocaelispor&#8217;un teklifine s\u0131cak bakt\u0131\u011f\u0131 \u00f6\u011frenildi.<\/p>\n<p> Kocaelispor idaresi, transferi bitirerek savunmaya de\u011ferli bir destek yapmay\u0131 hedeflerken, transferin tamamlanmas\u0131 halinde Denswil&#8217;in k\u0131sa m\u00fcddette ekibe kat\u0131lmas\u0131 bekleniyor.<\/p>\n<p> \u00a0<\/p>\n<\/div>\n<p><\/p>\n","protected":false},"excerpt":{"rendered":"<p>Trabzonspor&#8217;da tak\u0131m d\u0131\u015f\u0131 b\u0131rak\u0131lan Stefano Denswil, Kocaelispor&#8217;a transfer olmaya haz\u0131rlan\u0131yor. TFF 1. Lig&#8217;de tepe u\u011fra\u015f\u0131 veren Kocaelispor, tecr\u00fcbeli savunmac\u0131y\u0131 kiral\u0131k olarak tak\u0131m\u0131na katmak i\u00e7in son g\u00f6r\u00fc\u015fmeleri yap\u0131yor.<\/p>\n","protected":false},"author":1,"featured_media":17227,"comment_status":"open","ping_status":"open","sticky":false,"template":"","format":"standard","meta":{"footnotes":""},"categories":[25],"tags":[257,48],"class_list":["post-17226","post","type-post","status-publish","format-standard","has-post-thumbnail","hentry","category-futbol","tag-kocaelispor","tag-transfer"],"_links":{"self":[{"href":"https:\/\/haberbesiktas.tr\/index.php?rest_route=\/wp\/v2\/posts\/17226","targetHints":{"allow":["GET"]}}],"collection":[{"href":"https:\/\/haberbesiktas.tr\/index.php?rest_route=\/wp\/v2\/posts"}],"about":[{"href":"https:\/\/haberbesiktas.tr\/index.php?rest_route=\/wp\/v2\/types\/post"}],"author":[{"embeddable":true,"href":"https:\/\/haberbesiktas.tr\/index.php?rest_route=\/wp\/v2\/users\/1"}],"replies":[{"embeddable":true,"href":"https:\/\/haberbesiktas.tr\/index.php?rest_route=%2Fwp%2Fv2%2Fcomments&post=17226"}],"version-history":[{"count":1,"href":"https:\/\/haberbesiktas.tr\/index.php?rest_route=\/wp\/v2\/posts\/17226\/revisions"}],"predecessor-version":[{"id":17228,"href":"https:\/\/haberbesiktas.tr\/index.php?rest_route=\/wp\/v2\/posts\/17226\/revisions\/17228"}],"wp:featuredmedia":[{"embeddable":true,"href":"https:\/\/haberbesiktas.tr\/index.php?rest_route=\/wp\/v2\/media\/17227"}],"wp:attachment":[{"href":"https:\/\/haberbesiktas.tr\/index.php?rest_route=%2Fwp%2Fv2%2Fmedia&parent=17226"}],"wp:term":[{"taxonomy":"category","embeddable":true,"href":"https:\/\/haberbesiktas.tr\/index.php?rest_route=%2Fwp%2Fv2%2Fcategories&post=17226"},{"taxonomy":"post_tag","embeddable":true,"href":"https:\/\/haberbesiktas.tr\/index.php?rest_route=%2Fwp%2Fv2%2Ftags&post=17226"}],"curies":[{"name":"wp","href":"https:\/\/api.w.org\/{rel}","templated":true}]}}