{"id":17235,"date":"2025-04-08T16:48:13","date_gmt":"2025-04-08T16:48:13","guid":{"rendered":"https:\/\/haberbesiktas.tr\/?p=17235"},"modified":"2025-04-08T16:48:13","modified_gmt":"2025-04-08T16:48:13","slug":"sampiyonlar-liginde-play-off-heyecani-basliyor","status":"publish","type":"post","link":"https:\/\/haberbesiktas.tr\/?p=17235","title":{"rendered":"\u015eampiyonlar Ligi&#8217;nde play-off heyecan\u0131 ba\u015fl\u0131yor"},"content":{"rendered":"<div>UEFA \u015eampiyonlar Ligi&#8217;nde play-off \u00e7e\u015fidi bu ak\u015fam oynanacak 4 ma\u00e7la ba\u015flayacak.<\/p>\n<p> \u0130\u015fte ma\u00e7lardan son geli\u015fmeler, a\u00e7\u0131klamalar ve m\u00fcmk\u00fcn 11&#8217;ler&#8230;\u00a0<span><strong>Ma\u00e7lar\u0131n TV program\u0131 i\u00e7in t\u0131klay\u0131n\u0131z.<br \/><\/strong><\/span><\/p>\n<p> <span><span><strong><span>SPORX KULLANCILARINA \u00d6ZEL 800 TL&#8217;YE VARAN BONUS! \u00c7ABUCAK KUPON YAPMAK \u0130\u00c7\u0130N TIKLA!<\/span><br \/><\/strong><\/span><strong><br \/><img decoding=\"async\" src=\"https:\/\/haberbesiktas.tr\/wp-content\/uploads\/2025\/04\/sampiyonlar-liginde-play-off-heyecani-basliyor-0-NgTqJtkX.jpg\"\/><br \/><\/strong><\/span><\/p>\n<p> <span><strong>20.45 BREST &#8211; PSG<\/strong><\/span><\/p>\n<p> <em><strong>Lig Evresi Performanslar\u0131<\/strong><\/em><\/p>\n<p> <strong>Brest:<\/strong> 4 Galibiyet, 1 Beraberlik ile 18&#8217;inci<\/p>\n<p> <strong>Paris:<\/strong> 4 Galibiyet, 1 Beraberlik ile 15&#8217;inci<\/p>\n<p> Kul\u00fcp sahibi Denis Le Saint, Brest&#8217;in ilk \u015eampiyonlar Ligi u\u011fra\u015f\u0131 \u00f6ncesinde heyecan\u0131n\u0131 zorlukla denetim alt\u0131na alabildi. A\u011fustos ay\u0131nda lig basama\u011f\u0131ndaki rakiplerinin kim oldu\u011funu \u00f6\u011frendiklerinde &#8220;Mont Blanc&#8217;a t\u0131rmanm\u0131\u015f gibiyiz&#8221; dedi.<\/p>\n<p> Teknik y\u00f6netici Eric Roy ve tak\u0131m\u0131 heyecanlansa da rehavete kap\u0131lmayarak t\u0131rmanmaya devam etti ve d\u00f6rt lig kademesi galibiyeti ve Almanya \u015fampiyonu Leverkusen kar\u015f\u0131s\u0131nda ald\u0131klar\u0131 etkileyici beraberli\u011fin akabinde playoff etab\u0131na ula\u015ft\u0131lar. Fakat playoff basama\u011f\u0131 ba\u015flarken g\u00f6zlerini tekrar yeni tepelere diktiler. &#8220;Devam etmek ve daha da fazla tarih yazmak istiyoruz&#8221; diyor kaleci Marco Bizot.<\/p>\n<p> Frans\u0131z rakipleri ve son Ligue 1 \u015fampiyonu Paris Saint-Germain onlar\u0131n ilerleyi\u015fini durdurmay\u0131 umacak ve onlar da korkutucu bir formdalar. Lig etab\u0131n\u0131 Stuttgart&#8217;\u0131 4-1 yenerek \u00fcst \u00fcste \u00fc\u00e7\u00fcnc\u00fc galibiyetini alan Paris, bu m\u00fcsabakadan yaln\u0131zca on g\u00fcn evvel Ligue 1&#8217;de Brest kar\u015f\u0131s\u0131nda 5-2&#8217;lik bir zafer elde etti. Bu ma\u00e7lar\u0131n her birinde hat-trick yapan Ousmane Dembele i\u00e7in Luis Enrique &#8220;Ousmane \u00fczere bir oyuncunuzun bu formda olmas\u0131 \u015fahane bir \u015fey.&#8221; diye konu\u015ftu.<\/p>\n<p> * Bu m\u00fcsabaka \u015eampiyonlar Ligi&#8217;nde Frans\u0131z gruplar\u0131nda ortas\u0131ndaki ikinci eleme ma\u00e7\u0131 olacak; birincisi 2009\/10 d\u00f6neminin \u00e7eyrek finalinde Lyon ve Bordeaux ortas\u0131nda oynanm\u0131\u015ft\u0131.<\/p>\n<p> <strong>MUHTEMEL 11&#8217;LER<\/strong><\/p>\n<p> <strong>Brest:<\/strong> Bizot; Lala, Chardonnet, Coulibaly, Haidara; Camara, Fernandes, Magnetti; Doumbia; Ajorque, Balde<\/p>\n<p> <strong>PSG:<\/strong> Donnarumma; Hakimi, Marquinhos, Pacho, Nuno Mendes; Joao Neves, Vitinha, Fabian Ruiz; Barcola, Dembele, Kvaratskhelia<\/p>\n<p><img decoding=\"async\" src=\"https:\/\/haberbesiktas.tr\/wp-content\/uploads\/2025\/04\/sampiyonlar-liginde-play-off-heyecani-basliyor-1-CsAJK95g.jpg\"\/><\/p>\n<p> <span><strong>20.45 JUVENTUS &#8211; PSV<\/strong><\/span><\/p>\n<p> <em><strong>Lig Kademesi Performanslar\u0131<\/strong><\/em><\/p>\n<p> <strong>Juventus:<\/strong> 3 Galibiyet, 3 Beraberlik ile 20&#8217;inci<\/p>\n<p> <strong>PSV:<\/strong> 4 Galibiyet, 2 Beraberlik ile 14&#8217;\u00fcnc\u00fc<\/p>\n<p> Juventus ve PSV, lig basama\u011f\u0131ndaki gayretlerine Juventus Stadyumu&#8217;ndaki 1. hafta ma\u00e7\u0131yla ba\u015flad\u0131lar ve art\u0131k her ikisi de eleme kademesine ge\u00e7erek Torino&#8217;da tekrar kar\u015f\u0131la\u015f\u0131yorlar.<\/p>\n<p> Eyl\u00fcl ay\u0131ndaki 3-1&#8217;lik galibiyetin akabinde teknik y\u00f6netici Thiago Motta, olumlu sonuca kar\u015f\u0131n Juventus&#8217;u &#8220;pek \u00e7ok \u015feyi geli\u015ftirmeye&#8221; a\u00e7\u0131k bir grup olarak niteledi. Lig etab\u0131n\u0131 2-0&#8217;l\u0131k Benfica yenilgisiyle tamamlad\u0131ktan sonra Motta bir sefer daha geli\u015fim gereksiniminin alt\u0131n\u0131 \u00e7izdi: &#8220;Ne yaz\u0131k ki son 20 metrede bir \u015feylerden yoksunduk, fark yaratamad\u0131k.&#8221;<\/p>\n<p> PSV Teknik Y\u00f6neticisi Peter Bosz birinci hafta ald\u0131klar\u0131 yenilgiyi &#8220;en mak\u00fbs performanslar\u0131m\u0131zdan biri&#8221; olarak tan\u0131mlasa da kadrosunun o g\u00fcnden bu yana g\u00f6sterdi\u011fi geli\u015fim sayesinde kendine inanc\u0131n\u0131 koruyor. Bu ilerleme, Liverpool&#8217;un y\u00fczde 100&#8217;l\u00fck galibiyet rekorunun Eindhoven&#8217;daki 3-2&#8217;lik hezimetle sona erdi\u011fi 8. ma\u00e7 haftas\u0131nda vurguland\u0131. &#8220;Tak\u0131m olarak hakikaten geli\u015ftik, art\u0131k \u00e7ok daha uygun oynuyoruz,&#8221; dedi Bosz. &#8220;Juventus g\u00fc\u00e7l\u00fc bir rakip fakat biz onlardan daha \u00e2l\u00e2 oldu\u011fumuza inan\u0131yoruz.&#8221;<\/p>\n<p> * Juventus, UEFA kul\u00fcp kar\u015f\u0131la\u015fmalar\u0131nda Hollandal\u0131 rakipleriyle oynad\u0131\u011f\u0131 son sekiz m\u00fcsabakan\u0131n be\u015fini kazand\u0131 (2 Beraberlik 1 Ma\u011flubiyet)<\/p>\n<p> <strong>MUHTEMEL 11&#8217;LER<\/strong><\/p>\n<p> <strong>Juventus:<\/strong> Di Gregorio; Weah, Gatti, Veiga, Savona; Locatelli, Douglas Luiz; Gonzalez, McKennie, Kenan Y\u0131ld\u0131z; Kolo Muani<\/p>\n<p> <strong>PSV:<\/strong> Benitez; Mauro Junior, Boscagli, Flamingo, Malacia; Veerman, Schouten; Bakayoko, Til, Lang; De Jong<\/p>\n<p> <span><strong>23.00 MANCHESTER CITY &#8211; REAL MADRID<\/strong><\/span><\/p>\n<p> <em><strong>Lig Evresi Performanslar\u0131<\/strong><\/em><\/p>\n<p> <strong>Manchester City:<\/strong> 3 Galibiyet, 2 Beraberlik ile 22&#8217;inci<\/p>\n<p> <strong>Real Madrid:<\/strong> 5 Galibiyet ile 11&#8217;inci<\/p>\n<p> Manchester City ve Real Madrid, \u00fcst \u00fcste d\u00f6rd\u00fcnc\u00fc d\u00f6nemde da \u015eampiyonlar Ligi eleme basama\u011f\u0131nda kar\u015f\u0131 kar\u015f\u0131ya gelecek.<\/p>\n<p> Entrikaya ek olarak, evvelki \u00fc\u00e7 m\u00fcsabakan\u0131n her birinde bu e\u015fle\u015fmede cins atlayan taraf \u015eampiyonlar Ligi \u015fampiyonu oldu. Real Madrid 2021\/22 ve 2023\/24&#8217;te 14. ve 15. \u015eampiyonlar Ligi kupas\u0131n\u0131 kazan\u0131rken, Manchester City 2022\/23&#8217;te birincisini ald\u0131.<\/p>\n<p> Bu seriyi devam ettirmek i\u00e7in her iki taraf\u0131n da ini\u015fli \u00e7\u0131k\u0131\u015fl\u0131 lig basama\u011f\u0131 performanslar\u0131n\u0131 geli\u015ftirmesi gerekecek. 8. haftada Club Brugge kar\u015f\u0131s\u0131nda ald\u0131klar\u0131 galibiyetten daha az\u0131 Pep Guardiola&#8217;n\u0131n grubunu eleyebilirdi, Real Madrid ise arka arda \u00fc\u00e7 galibiyetle bitirmeden evvel a\u00e7\u0131l\u0131\u015ftaki be\u015f ma\u00e7\u0131ndan \u00fc\u00e7\u00fcn\u00fc kaybetti. \u0130stikrars\u0131zl\u0131\u011fa kar\u015f\u0131n her iki grubun da kalitesinden ku\u015fku yok.<\/p>\n<p> Real Madrid kalecisi Thibaut Courtois r\u00f6van\u015f ihtimaliyle ilgili olarak &#8220;\u015eampiyonlar Ligi&#8217;ni kazanmak istiyorsan\u0131z en g\u00fczelleri yenmek zorundas\u0131n\u0131z&#8221; dedi.<\/p>\n<p> * Real Madrid, \u0130ngiliz kul\u00fcplerini \u015eampiyonlar Ligi eleme basama\u011f\u0131ndan 13 sefer eledi, bu \u00f6b\u00fcr t\u00fcm gruplardan daha fazla.<\/p>\n<p> <strong>MUHTEMEL 11&#8217;LER<\/strong><\/p>\n<p> <strong>Manchester City: <\/strong>Ederson; Nunes, Akanji, Dias, Gvardiol; Kovacic; Savinho, De Bruyne, Foden, Bernardo Silva; Haaland<\/p>\n<p> <strong>Real Madrid:<\/strong> Courtois; Valverde, Asencio, Tchouameni, Mendy; Camavinga, Ceballos; Rodrygo, Bellingham, Vinicius Junior; Mbappe<\/p>\n<p><img decoding=\"async\" src=\"https:\/\/haberbesiktas.tr\/wp-content\/uploads\/2025\/04\/sampiyonlar-liginde-play-off-heyecani-basliyor-2-MnCyqjk4.jpg\"\/><\/p>\n<p> <span><strong>23.00 S.LIZBON &#8211; B.DORTMUND<\/strong><\/span><\/p>\n<p> <em><strong>Lig Basama\u011f\u0131 Performanslar\u0131<\/strong><\/em><\/p>\n<p> <strong>Sporting Lizbon:<\/strong> 3 Galibiyet, 2 Beraberlik ile 23&#8217;\u00fcnc\u00fc<\/p>\n<p> <strong>Borussia Dortmund:<\/strong> 5 Galibiyet ile 10&#8217;uncu<\/p>\n<p> Geriden gelip 8. haftada Bologna ile 1-1 berabere kalarak eleme basama\u011f\u0131na kalmay\u0131 garantileyen Sporting, bu sefer Dortmund&#8217;a kar\u015f\u0131 bir \u00f6teki y\u00fcksek gerilimli m\u00fcsabakaya haz\u0131rlan\u0131yor.<\/p>\n<p> Bu belirleyici beraberlik \u00f6ncesinde teknik y\u00f6netici Rui Borges kesin konu\u015ftu: &#8220;Sporting her ma\u00e7a kazanmak i\u00e7in \u00e7\u0131kar. Rekabet\u00e7i olmak istiyoruz; kul\u00fcp ve tarih bunu gerektiriyor.&#8221;<\/p>\n<p> Dortmund eleme basama\u011f\u0131na, daha evvel Nuri \u015eahin ve k\u0131sa bir m\u00fcddetli\u011fine s\u00fcreksiz teknik y\u00f6netici Mike Tullberg taraf\u0131ndan y\u00fcr\u00fct\u00fclen misyonu devralan yeni teknik y\u00f6netici Niko Kovac ile giriyor. Lizbon seyahati Kovac&#8217;\u0131n vazifedeki yaln\u0131zca ikinci ma\u00e7\u0131 olacak, birinci ma\u00e7\u0131 Cumartesi g\u00fcn\u00fc Stuttgart ile oynanan Bundesliga m\u00fcsabakas\u0131yd\u0131, bu nedenle g\u00fc\u00e7l\u00fc bir izlenim b\u0131rakmak isteyecektir. Hakikaten H\u0131rvat teknik adam vazifeye ba\u015flad\u0131\u011f\u0131nda \u015eampiyonlar Ligi&#8217;nde ba\u015far\u0131l\u0131 olmak i\u00e7in &#8220;mutlak bir kararl\u0131l\u0131k, y\u00fcrek ve istekten&#8221; bahsetti.<\/p>\n<p> * Bu kul\u00fcpler ortas\u0131nda Kas\u0131m 2021&#8217;de oynanan son \u015eampiyonlar Ligi m\u00fcsabakas\u0131n\u0131 Sporting Lizbon kazanm\u0131\u015ft\u0131 fakat Borussia Dortmund o tarihten evvelki \u00fc\u00e7 m\u00fcsabakay\u0131 da kazanm\u0131\u015ft\u0131.<\/p>\n<p> <strong>MUHTEMEL 11&#8217;LER<\/strong><\/p>\n<p> <strong>Sporting Lizbon<\/strong>: Rui Silva; Fresneda, Diomande, Gon\u00e7alo Inacio, Matheus Reis; Quenda, Joao Simoes, Morita, Araujo; Gy\u00f6keres, Francisco Trincao<\/p>\n<p> <strong>Borussia Dortmund<\/strong>: Kobel; Ryerson, Anton, Schlotterbeck, Svensson; Emre Can, Gross; Adeyemi, Brandt, Gittens; Guirassy<\/p>\n<\/div>\n<p><\/p>\n","protected":false},"excerpt":{"rendered":"<p>UEFA \u015eampiyonlar Ligi&#8217;nde playoff tipi heyecan\u0131 bug\u00fcn oynanacak 4 dev m\u00fcsabakayla ba\u015flayacak.<\/p>\n","protected":false},"author":1,"featured_media":17236,"comment_status":"open","ping_status":"open","sticky":false,"template":"","format":"standard","meta":{"footnotes":""},"categories":[25],"tags":[1805,242,548,336,1304],"class_list":["post-17235","post","type-post","status-publish","format-standard","has-post-thumbnail","hentry","category-futbol","tag-asamasi","tag-galibiyet","tag-juventus","tag-karsilasma","tag-sampiyonlar-ligi"],"_links":{"self":[{"href":"https:\/\/haberbesiktas.tr\/index.php?rest_route=\/wp\/v2\/posts\/17235","targetHints":{"allow":["GET"]}}],"collection":[{"href":"https:\/\/haberbesiktas.tr\/index.php?rest_route=\/wp\/v2\/posts"}],"about":[{"href":"https:\/\/haberbesiktas.tr\/index.php?rest_route=\/wp\/v2\/types\/post"}],"author":[{"embeddable":true,"href":"https:\/\/haberbesiktas.tr\/index.php?rest_route=\/wp\/v2\/users\/1"}],"replies":[{"embeddable":true,"href":"https:\/\/haberbesiktas.tr\/index.php?rest_route=%2Fwp%2Fv2%2Fcomments&post=17235"}],"version-history":[{"count":1,"href":"https:\/\/haberbesiktas.tr\/index.php?rest_route=\/wp\/v2\/posts\/17235\/revisions"}],"predecessor-version":[{"id":17240,"href":"https:\/\/haberbesiktas.tr\/index.php?rest_route=\/wp\/v2\/posts\/17235\/revisions\/17240"}],"wp:featuredmedia":[{"embeddable":true,"href":"https:\/\/haberbesiktas.tr\/index.php?rest_route=\/wp\/v2\/media\/17236"}],"wp:attachment":[{"href":"https:\/\/haberbesiktas.tr\/index.php?rest_route=%2Fwp%2Fv2%2Fmedia&parent=17235"}],"wp:term":[{"taxonomy":"category","embeddable":true,"href":"https:\/\/haberbesiktas.tr\/index.php?rest_route=%2Fwp%2Fv2%2Fcategories&post=17235"},{"taxonomy":"post_tag","embeddable":true,"href":"https:\/\/haberbesiktas.tr\/index.php?rest_route=%2Fwp%2Fv2%2Ftags&post=17235"}],"curies":[{"name":"wp","href":"https:\/\/api.w.org\/{rel}","templated":true}]}}