{"id":17247,"date":"2025-04-08T17:24:12","date_gmt":"2025-04-08T17:24:12","guid":{"rendered":"https:\/\/haberbesiktas.tr\/?p=17247"},"modified":"2025-04-08T17:24:12","modified_gmt":"2025-04-08T17:24:12","slug":"trabzonspordan-bir-transfer-daha-folcarelli","status":"publish","type":"post","link":"https:\/\/haberbesiktas.tr\/?p=17247","title":{"rendered":"Trabzonspor&#8217;dan bir transfer daha: Folcarelli"},"content":{"rendered":"<div>Trabzonspor&#8217;dan bir transfer daha geldi&#8230;<\/p>\n<p> Ya\u011f\u0131z Sabuncuo\u011flu&#8217;nun haberine nazaran; Bordo-mavili kul\u00fcp, <strong>Ajaccio formas\u0131 giyen Tim Jabol-Folcarelli ile her hususta muahede sa\u011flad\u0131 ve mukaveleler imzaland\u0131.<\/strong><\/p>\n<p> 25 ya\u015f\u0131ndaki orta saha oyuncusu s\u0131hhat denetiminden ge\u00e7mek i\u00e7in bug\u00fcn saat 18.30&#8217;da Trabzon&#8217;da olacak.<\/p>\n<p> \u00a0<\/p>\n<\/div>\n<p><\/p>\n","protected":false},"excerpt":{"rendered":"<p>Trabzonspor, Ajaccio&#8217;dan merkez orta saha Folcarelli i\u00e7in imzalar\u0131 att\u0131.<\/p>\n","protected":false},"author":1,"featured_media":17248,"comment_status":"open","ping_status":"open","sticky":false,"template":"","format":"standard","meta":{"footnotes":""},"categories":[25],"tags":[],"class_list":["post-17247","post","type-post","status-publish","format-standard","has-post-thumbnail","hentry","category-futbol"],"_links":{"self":[{"href":"https:\/\/haberbesiktas.tr\/index.php?rest_route=\/wp\/v2\/posts\/17247","targetHints":{"allow":["GET"]}}],"collection":[{"href":"https:\/\/haberbesiktas.tr\/index.php?rest_route=\/wp\/v2\/posts"}],"about":[{"href":"https:\/\/haberbesiktas.tr\/index.php?rest_route=\/wp\/v2\/types\/post"}],"author":[{"embeddable":true,"href":"https:\/\/haberbesiktas.tr\/index.php?rest_route=\/wp\/v2\/users\/1"}],"replies":[{"embeddable":true,"href":"https:\/\/haberbesiktas.tr\/index.php?rest_route=%2Fwp%2Fv2%2Fcomments&post=17247"}],"version-history":[{"count":1,"href":"https:\/\/haberbesiktas.tr\/index.php?rest_route=\/wp\/v2\/posts\/17247\/revisions"}],"predecessor-version":[{"id":17249,"href":"https:\/\/haberbesiktas.tr\/index.php?rest_route=\/wp\/v2\/posts\/17247\/revisions\/17249"}],"wp:featuredmedia":[{"embeddable":true,"href":"https:\/\/haberbesiktas.tr\/index.php?rest_route=\/wp\/v2\/media\/17248"}],"wp:attachment":[{"href":"https:\/\/haberbesiktas.tr\/index.php?rest_route=%2Fwp%2Fv2%2Fmedia&parent=17247"}],"wp:term":[{"taxonomy":"category","embeddable":true,"href":"https:\/\/haberbesiktas.tr\/index.php?rest_route=%2Fwp%2Fv2%2Fcategories&post=17247"},{"taxonomy":"post_tag","embeddable":true,"href":"https:\/\/haberbesiktas.tr\/index.php?rest_route=%2Fwp%2Fv2%2Ftags&post=17247"}],"curies":[{"name":"wp","href":"https:\/\/api.w.org\/{rel}","templated":true}]}}