{"id":17253,"date":"2025-04-08T17:48:07","date_gmt":"2025-04-08T17:48:07","guid":{"rendered":"https:\/\/haberbesiktas.tr\/?p=17253"},"modified":"2025-04-08T17:48:07","modified_gmt":"2025-04-08T17:48:07","slug":"doncic-los-angeles-yangini-magdurlarina-yardim-eli-uzatti","status":"publish","type":"post","link":"https:\/\/haberbesiktas.tr\/?p=17253","title":{"rendered":"Doncic, Los Angeles yang\u0131n\u0131 ma\u011fdurlar\u0131na yard\u0131m eli uzatt\u0131"},"content":{"rendered":"<div>Los Angeles Lakers&#8217;\u0131n s\u00fcperstar\u0131 Luka Doncic, yeni toplulu\u011funa dayanak olmak ismine b\u00fcy\u00fck bir ba\u011f\u0131\u015f yapt\u0131.<\/p>\n<p> Doncic, Los Angeles&#8217;taki yang\u0131n felaketinden etkilenenlere yard\u0131m emeliyle 500.000 dolar ba\u011f\u0131\u015fta bulundu. Mavs y\u0131ld\u0131z\u0131, ge\u00e7ti\u011fimiz hafta Dallas Mavericks&#8217;ten Anthony Davis ve Max Christie kar\u015f\u0131l\u0131\u011f\u0131nda Lakers&#8217;a takas olmu\u015ftu.<\/p>\n<p> Y\u0131ld\u0131z oyuncu, Noel&#8217;den bu yana sol bald\u0131r\u0131ndaki sakatl\u0131k nedeniyle alanlardan uzak kald\u0131 lakin ge\u00e7ti\u011fimiz hafta Lakers ile idmanlara ba\u015flad\u0131. Birebir vakitte, Los Angeles&#8217;ta b\u00fcy\u00fck y\u0131k\u0131ma sebep olan orman yang\u0131nlar\u0131ndan etkilenen b\u00f6lgeler i\u00e7in ba\u011f\u0131\u015f yaparak topluma takviye oldu.<\/p>\n<p> <strong>&#8220;Los Angeles&#8217;a indi\u011fimde bu yang\u0131nlar\u0131n neden oldu\u011fu ziyanlar\u0131 g\u00f6rmek beni derinden \u00fczd\u00fc,&#8221; <\/strong>diyen Doncic, kendi vakf\u0131 arac\u0131l\u0131\u011f\u0131yla \u015fu a\u00e7\u0131klamay\u0131 yapt\u0131:<strong> &#8220;Evlerini, okullar\u0131n\u0131 ve oyun alanlar\u0131n\u0131 kaybeden \u00e7ocuklar i\u00e7in \u00fczg\u00fcn\u00fcm. Vakf\u0131m, acil yard\u0131m \u00e7al\u0131\u015fmalar\u0131na 500.000 dolar ba\u011f\u0131\u015fl\u0131yor. Ayr\u0131yeten, y\u0131k\u0131lan oyun alanlar\u0131n\u0131 ve alanlar\u0131 tekrar in\u015fa etmek i\u00e7in de \u00e7al\u0131\u015fmalara takviye vermeye kararl\u0131y\u0131m.&#8221;<\/strong><\/p>\n<p> Doncic, mesaj\u0131n\u0131<strong> &#8220;Yeni kom\u015funuz&#8221;<\/strong> s\u00f6z\u00fcyle noktalad\u0131. Doncic&#8217;in ba\u011f\u0131\u015f\u0131, Topluluk Vakf\u0131 Yang\u0131n Kurtarma Fonu&#8217;na yap\u0131ld\u0131 ve \u00f6n\u00fcm\u00fczdeki iki y\u0131l i\u00e7inde \u00e7ocuk oyun alanlar\u0131n\u0131n tekrar in\u015fas\u0131na odaklanarak daha fazla dayanak sa\u011flayaca\u011f\u0131 a\u00e7\u0131kland\u0131.<\/p>\n<\/div>\n<p><\/p>\n","protected":false},"excerpt":{"rendered":"<p>Los Angeles Lakers&#8217;\u0131n s\u00fcperstar\u0131 Luka Doncic, yeni toplulu\u011funa takviye olmak ismine b\u00fcy\u00fck bir ba\u011f\u0131\u015f yapt\u0131.<\/p>\n","protected":false},"author":1,"featured_media":17254,"comment_status":"open","ping_status":"open","sticky":false,"template":"","format":"standard","meta":{"footnotes":""},"categories":[10],"tags":[1806],"class_list":["post-17253","post","type-post","status-publish","format-standard","has-post-thumbnail","hentry","category-basketbol","tag-bagis"],"_links":{"self":[{"href":"https:\/\/haberbesiktas.tr\/index.php?rest_route=\/wp\/v2\/posts\/17253","targetHints":{"allow":["GET"]}}],"collection":[{"href":"https:\/\/haberbesiktas.tr\/index.php?rest_route=\/wp\/v2\/posts"}],"about":[{"href":"https:\/\/haberbesiktas.tr\/index.php?rest_route=\/wp\/v2\/types\/post"}],"author":[{"embeddable":true,"href":"https:\/\/haberbesiktas.tr\/index.php?rest_route=\/wp\/v2\/users\/1"}],"replies":[{"embeddable":true,"href":"https:\/\/haberbesiktas.tr\/index.php?rest_route=%2Fwp%2Fv2%2Fcomments&post=17253"}],"version-history":[{"count":1,"href":"https:\/\/haberbesiktas.tr\/index.php?rest_route=\/wp\/v2\/posts\/17253\/revisions"}],"predecessor-version":[{"id":17255,"href":"https:\/\/haberbesiktas.tr\/index.php?rest_route=\/wp\/v2\/posts\/17253\/revisions\/17255"}],"wp:featuredmedia":[{"embeddable":true,"href":"https:\/\/haberbesiktas.tr\/index.php?rest_route=\/wp\/v2\/media\/17254"}],"wp:attachment":[{"href":"https:\/\/haberbesiktas.tr\/index.php?rest_route=%2Fwp%2Fv2%2Fmedia&parent=17253"}],"wp:term":[{"taxonomy":"category","embeddable":true,"href":"https:\/\/haberbesiktas.tr\/index.php?rest_route=%2Fwp%2Fv2%2Fcategories&post=17253"},{"taxonomy":"post_tag","embeddable":true,"href":"https:\/\/haberbesiktas.tr\/index.php?rest_route=%2Fwp%2Fv2%2Ftags&post=17253"}],"curies":[{"name":"wp","href":"https:\/\/api.w.org\/{rel}","templated":true}]}}