{"id":17265,"date":"2025-04-08T18:36:07","date_gmt":"2025-04-08T18:36:07","guid":{"rendered":"https:\/\/haberbesiktas.tr\/?p=17265"},"modified":"2025-04-08T18:36:07","modified_gmt":"2025-04-08T18:36:07","slug":"dursun-ozbekten-derbi-icin-yabanci-hakem-cevabi","status":"publish","type":"post","link":"https:\/\/haberbesiktas.tr\/?p=17265","title":{"rendered":"Dursun \u00d6zbek&#8217;ten derbi i\u00e7in yabanc\u0131 hakem cevab\u0131"},"content":{"rendered":"<div>Galatasaray Ba\u015fkan\u0131 Dursun \u00d6zbek, Fenerbah\u00e7e ile oynanacak derbi \u00f6ncesi yabanc\u0131 hakem sorusuna kar\u015f\u0131l\u0131k verdi.<\/p>\n<p> <em><strong>&#8220;<span>Fenerbah\u00e7e&#8217;nin derbide yabanc\u0131 orta hakem iste\u011fi i\u00e7in ne diyeceksiniz?<\/span><\/strong><\/em>&#8221; sorusuna \u00d6zbek, &#8220;<strong>G\u00fczel bir soru. Soruyu hangi a\u00e7\u0131dan g\u00f6rmek konusunda tasam var. Yabanc\u0131 VAR&#8217;\u0131 birinci biz istedik, o g\u00fcn dayanak g\u00f6rmedi. Sonra bu gereksinim ortaya \u00e7\u0131kt\u0131. Ge\u00e7en sene yabanc\u0131 VAR hakemi geldi fakat bu planl\u0131 bir formda yap\u0131l\u0131rsa sonu\u00e7 veriyor. Ge\u00e7en sene ba\u015far\u0131l\u0131 oldu lakin bu sene&#8230; En son pazar g\u00fcnk\u00fc ma\u00e7ta ya\u015fand\u0131. Yaln\u0131zca yabanc\u0131 hakem yahut VAR getirmek.. Muhta\u00e7l\u0131\u011f\u0131 bu halde de\u011ferlendirmemek laz\u0131m.<\/strong>&#8221; dedi.<\/p>\n<p> Dursun \u00d6zbek, &#8220;<strong>Bu i\u015fe ehil \u015fah\u0131slar gelmeli. Bug\u00fcn, bu mevzuda haz\u0131rl\u0131kl\u0131 olunmad\u0131\u011f\u0131n\u0131 g\u00f6rd\u00fck. Yabanc\u0131 hakemin futbola katk\u0131 verecek d\u00fczeyde olmas\u0131 laz\u0131m. Yoksa yabanc\u0131ya oradan al, buraya getir yapt\u0131\u011f\u0131m\u0131z vakit sonu\u00e7lar\u0131n parlak olaca\u011f\u0131n\u0131n d\u00fc\u015f\u00fcnm\u00fcyorum. Liyakatli ve ba\u015far\u0131l\u0131 yabanc\u0131lar\u0131 getirip, burada ma\u00e7 y\u00f6nettirmek k\u0131ymetli. TFF&#8217;nin bu hususta \u00e7al\u0131\u015fmalar\u0131n\u0131 kuvvetlendirmesi gerekli.<\/strong>&#8221; s\u00f6zlerini kulland\u0131.<\/p>\n<\/div>\n<p><\/p>\n","protected":false},"excerpt":{"rendered":"<p>Galatasaray Ba\u015fkan\u0131 Dursun \u00d6zbek, Fenerbah\u00e7e ile oynanacak derbi ma\u00e7\u0131 i\u00e7in yabanc\u0131 hakem sorusuna yan\u0131t verdi.<\/p>\n","protected":false},"author":1,"featured_media":17266,"comment_status":"open","ping_status":"open","sticky":false,"template":"","format":"standard","meta":{"footnotes":""},"categories":[25],"tags":[62,144],"class_list":["post-17265","post","type-post","status-publish","format-standard","has-post-thumbnail","hentry","category-futbol","tag-hakem","tag-yabanci"],"_links":{"self":[{"href":"https:\/\/haberbesiktas.tr\/index.php?rest_route=\/wp\/v2\/posts\/17265","targetHints":{"allow":["GET"]}}],"collection":[{"href":"https:\/\/haberbesiktas.tr\/index.php?rest_route=\/wp\/v2\/posts"}],"about":[{"href":"https:\/\/haberbesiktas.tr\/index.php?rest_route=\/wp\/v2\/types\/post"}],"author":[{"embeddable":true,"href":"https:\/\/haberbesiktas.tr\/index.php?rest_route=\/wp\/v2\/users\/1"}],"replies":[{"embeddable":true,"href":"https:\/\/haberbesiktas.tr\/index.php?rest_route=%2Fwp%2Fv2%2Fcomments&post=17265"}],"version-history":[{"count":1,"href":"https:\/\/haberbesiktas.tr\/index.php?rest_route=\/wp\/v2\/posts\/17265\/revisions"}],"predecessor-version":[{"id":17267,"href":"https:\/\/haberbesiktas.tr\/index.php?rest_route=\/wp\/v2\/posts\/17265\/revisions\/17267"}],"wp:featuredmedia":[{"embeddable":true,"href":"https:\/\/haberbesiktas.tr\/index.php?rest_route=\/wp\/v2\/media\/17266"}],"wp:attachment":[{"href":"https:\/\/haberbesiktas.tr\/index.php?rest_route=%2Fwp%2Fv2%2Fmedia&parent=17265"}],"wp:term":[{"taxonomy":"category","embeddable":true,"href":"https:\/\/haberbesiktas.tr\/index.php?rest_route=%2Fwp%2Fv2%2Fcategories&post=17265"},{"taxonomy":"post_tag","embeddable":true,"href":"https:\/\/haberbesiktas.tr\/index.php?rest_route=%2Fwp%2Fv2%2Ftags&post=17265"}],"curies":[{"name":"wp","href":"https:\/\/api.w.org\/{rel}","templated":true}]}}