{"id":17298,"date":"2025-04-08T20:48:07","date_gmt":"2025-04-08T20:48:07","guid":{"rendered":"https:\/\/haberbesiktas.tr\/?p=17298"},"modified":"2025-04-08T20:48:07","modified_gmt":"2025-04-08T20:48:07","slug":"hakan-demirden-alperen-sengune-ovgu","status":"publish","type":"post","link":"https:\/\/haberbesiktas.tr\/?p=17298","title":{"rendered":"Hakan Demir&#8217;den Alperen \u015eeng\u00fcn&#8217;e \u00f6vg\u00fc"},"content":{"rendered":"<div>\n<p>Katar Ulusal Basketbol Grubu Ba\u015fantren\u00f6r\u00fc Hakan Demir, eski \u00f6\u011frencisi Alperen \u015eeng\u00fcn&#8217;\u00fcn NBA&#8217;de All-Star&#8217;a se\u00e7ilmesinin \u00e7ok b\u00fcy\u00fck bir gurur kayna\u011f\u0131 oldu\u011funu s\u00f6yledi.<\/p>\n<p> Mesle\u011finde daha evvel Be\u015fikta\u015f, Kar\u015f\u0131yaka, Alia\u011fa Petkimspor, Trabzonspor, Band\u0131rma, TOFA\u015e ve Manisa B\u00fcy\u00fck\u015fehir Belediyespor \u00fczere ekipleri \u00e7al\u0131\u015ft\u0131ran 56 ya\u015f\u0131ndaki tecr\u00fcbeli ba\u015fantren\u00f6r, T\u00fcrkiye&#8217;de son olarak A Ulusal Basketbol Ekibi&#8217;nde yard\u0131mc\u0131 antren\u00f6r olarak vazife yapt\u0131.<\/p>\n<p> Ulusal ekipteki misyonunun akabinde mesle\u011fini yurt d\u0131\u015f\u0131nda s\u00fcrd\u00fcren Demir, \u0130ran Ulusal Basketbol Grubu&#8217;nun akabinde yeni d\u00f6nemde Katar Ulusal Basketbol Ekibi&#8217;ni \u00e7al\u0131\u015ft\u0131r\u0131yor.<\/p>\n<p> Katar Ulusal Basketbol Ekibi ile Asya Kupas\u0131&#8217;na gidebilmek i\u00e7in \u00e7al\u0131\u015fmalar\u0131n\u0131 s\u00fcrd\u00fcren Demir, ba\u015f\u015fehir Doha&#8217;da AA muhabirinin sorular\u0131n\u0131 yan\u0131tlad\u0131.<\/p>\n<p> NBA&#8217;de Houston Rockets formas\u0131 giyen ulusal basketbolcu Alperen \u015eeng\u00fcn&#8217;\u00fcn All-Star&#8217;a se\u00e7ilmesini k\u0131ymetlendiren Demir, <strong>&#8220;Alperen&#8217;in NBA&#8217;de All-Star&#8217;a se\u00e7ilmi\u015f olmas\u0131 bizim i\u00e7in \u00e7ok b\u00fcy\u00fck bir gurur kayna\u011f\u0131. Zati T\u00fcrkiye&#8217;de birlikte \u00e7al\u0131\u015ft\u0131\u011f\u0131m\u0131z devirde onun geli\u015fiminin bu t\u00fcrl\u00fc olaca\u011f\u0131n\u0131 iddia edebiliyorduk.&#8221;<\/strong> dedi.\u00a0<\/p>\n<p> <strong>&#8211; &#8220;\u0130n\u015fallah bu ba\u015far\u0131s\u0131 ulusal ekibe da yans\u0131yacak&#8221;<\/strong><\/p>\n<p> Alperen \u015eeng\u00fcn&#8217;\u00fcn NBA&#8217;deki performans\u0131n\u0131 ulusal gruba da yans\u0131taca\u011f\u0131na inand\u0131\u011f\u0131n\u0131 s\u00f6yleyen Demir,<strong> &#8220;T\u00fcrk milleti ismine Mehmet Okur&#8217;dan sonra Alperen&#8217;in de All-Star olmas\u0131 \u00e7ok k\u0131ymetli. \u0130n\u015fallah bu ba\u015far\u0131s\u0131 ulusal ekibe da yans\u0131yacak. Ulusal kadroda da birebir muvaffakiyetini devam ettirecek, kendisini tebrik ediyorum.&#8221; <\/strong>ifadelerini kulland\u0131.\u00a0<\/p>\n<p> <strong>&#8211; &#8220;Ergin hoca \u015fu anda Avrupa&#8217;n\u0131n en uygun ko\u00e7u&#8221;<\/strong><\/p>\n<p> <strong><em>A Ulusal Basketbol Kadrosu&#8217;nun Avrupa \u015eampiyonas\u0131&#8217;na kat\u0131lmas\u0131n\u0131 da pahaland\u0131ran Demir, \u015funlar\u0131 kaydetti:\u00a0<\/em><\/strong><\/p>\n<p> &#8220;Milli ekip ismine Avrupa \u015eampiyonas\u0131&#8217;nda \u00e7ok uygun bir tak\u0131m oynayacak. Ergin (Ataman) hoca zati \u015fu anda Avrupa&#8217;n\u0131n en d\u00fczg\u00fcn ko\u00e7u. Hasebiyle ben kesinlikle ulusal ekibin Avrupa \u015eampiyonas\u0131&#8217;ndan madalya ile d\u00f6nece\u011fini d\u00fc\u015f\u00fcn\u00fcyorum. \u0130n\u015fallah bu bi\u00e7imde ger\u00e7ekle\u015fir.&#8221;\u00a0<\/p>\n<p> <em><strong>Katar Ulusal Basketbol Grubu ile Asya Kupas\u0131&#8217;nda yer almay\u0131 hedeflediklerini aktaran Demir, \u015f\u00f6yle konu\u015ftu:\u00a0<\/strong><\/em><\/p>\n<p> &#8220;Ad\u0131m ad\u0131m gitmek laz\u0131m. Burada misyona ba\u015flad\u0131\u011f\u0131mda Katar Ulusal Basketbol Grubu&#8217;nun Asya Kupas\u0131 elemelerinde galibiyeti yoktu ve 2 yenilgisi vard\u0131. Ge\u00e7en m\u00fcddette 2 galibiyet alarak durumu e\u015fitledik. Art\u0131k \u00f6n\u00fcm\u00fczde Kazakistan deplasman\u0131 ve sonras\u0131nda i\u00e7eride Hindistan ma\u00e7\u0131 var. \u0130n\u015fallah Kazakistan&#8217;\u0131 orada yenebilirsek k\u00fcmesi ikinci s\u0131rada bitirece\u011fiz. \u015eayet orada kaybedersek o vakit Hindistan&#8217;\u0131 burada yenip k\u00fcmeden o denli \u00e7\u0131kma baht\u0131m\u0131z var. En makus senaryoda da k\u00fcmeden \u00fc\u00e7\u00fcnc\u00fc olarak \u00e7\u0131kmaya \u00e7al\u0131\u015faca\u011f\u0131z. \u015eu anda b\u00fct\u00fcn konsantrasyonumuz, Kazakistan ma\u00e7\u0131n\u0131 kazan\u0131p k\u00fcmesi ikinci s\u0131rada bitirip Asya \u015eampiyonas\u0131&#8217;na kat\u0131labilmek.&#8221;<\/p>\n<p> Katar&#8217;\u0131n son y\u0131llarda spora olan yat\u0131r\u0131m\u0131n\u0131 da pahaland\u0131ran Demir, ba\u015f\u015fehir Doha&#8217;n\u0131n d\u00fcnyan\u0131n de\u011ferli spor merkezlerinden biri oldu\u011funu belirterek,<strong> &#8220;Burada spora \u00e7ok k\u0131ymetli bir yat\u0131r\u0131m var. Basketbola yat\u0131r\u0131ma bir periyot orta verilse de son vakitlerde tekrar yat\u0131r\u0131m yap\u0131lmaya devam ediliyor. Basketbolda 2027 D\u00fcnya Kupas\u0131 ve 2030 Asya Olimpiyatlar\u0131 burada d\u00fczenlenecek. Yani her sene bir tertip var. Elimizde de uygun bir ku\u015fak var. \u0130n\u015fallah her sene daha da \u00fczerine koyarak ilerleyip 2027 D\u00fcnya Kupas\u0131&#8217;na kadar \u00e2l\u00e2 bir noktaya gelebilece\u011fimizi d\u00fc\u015f\u00fcn\u00fcyorum.&#8221;<\/strong> a\u00e7\u0131klamas\u0131nda bulundu.\u00a0<\/p>\n<p> <strong>&#8211; &#8220;Ergin hoca \u00f6nc\u00fcl\u00fc\u011f\u00fcnde T\u00fcrk antren\u00f6rl\u00fc\u011f\u00fc g\u00fczel bir noktaya geldi&#8221;\u00a0<\/strong><\/p>\n<p> T\u00fcrk antren\u00f6rlerin uzun vakittir Avrupa&#8217;da yer almakta zorland\u0131\u011f\u0131na dikkati \u00e7eken Demir,<strong> &#8220;Son vakitlerde bilhassa Ergin hoca \u00f6nc\u00fcl\u00fc\u011f\u00fcnde T\u00fcrk antren\u00f6rl\u00fc\u011f\u00fcn\u00fcn \u00e2l\u00e2 bir noktaya geldi\u011fini d\u00fc\u015f\u00fcn\u00fcyorum. Ben de Asya&#8217;da antren\u00f6rlere yeni bir vizyon yaratmak, yeni bir f\u0131rsat a\u00e7abilmek i\u00e7in bir u\u011fra\u015f veriyorum. Sonu\u00e7 olarak T\u00fcrk basketbol antren\u00f6rl\u00fc\u011f\u00fc d\u00fcnyada yay\u0131lmaya devam ediyor. \u0130n\u015fallah yeterli bir formda bu yola devam edilecek.&#8221;<\/strong> formunda g\u00f6r\u00fc\u015f belirtti.<\/p>\n<p> Yunanistan tak\u0131m\u0131 Panathinaikos AKTOR&#8217;da Ergin Ataman&#8217;\u0131n yard\u0131mc\u0131s\u0131 olaca\u011f\u0131 taraf\u0131nda \u00e7\u0131kan haberlere y\u00f6nelik ise Demir, <strong>&#8220;Ben asl\u0131nda ulusal kadroda Ergin hocan\u0131n yard\u0131mc\u0131s\u0131yd\u0131m. Panathinaikos&#8217;la anla\u015ft\u0131\u011f\u0131 vakit da bu t\u00fcrl\u00fc birtak\u0131m haberler \u00e7\u0131kt\u0131 ancak Ergin hoca orada g\u00fczel bir grup kurdu ve ba\u015far\u0131l\u0131 oldu. Ben de kendi yolumda Asya&#8217;da evvel \u0130ran Ulusal Grubu&#8217;nda, art\u0131k de Katar Ulusal Grubu ile de\u011ferli bir g\u00f6revdeyim. M\u00fcnasebetiyle \u015fayet burada ba\u015far\u0131l\u0131 olursak in\u015fallah T\u00fcrk antren\u00f6rlerin de buralarda daha fazla \u00f6n\u00fc a\u00e7\u0131lacak. Daha sonraki ku\u015faklar da burada T\u00fcrk basketbolunu temsil edecek. Hasebiyle b\u00fct\u00fcn gayretimiz hem kendi ismimize hem de T\u00fcrk basketbolu antren\u00f6rl\u00fc\u011f\u00fc ismine ba\u015far\u0131l\u0131 olmak.&#8221;<\/strong> tabirlerini kulland\u0131.<\/p>\n<\/div>\n<p><\/p>\n","protected":false},"excerpt":{"rendered":"<p>Katar Ulusal Basketbol Ekibi Ba\u015fantren\u00f6r\u00fc Hakan Demir, eski \u00f6\u011frencisi Alperen \u015eeng\u00fcn&#8217;e \u00f6vg\u00fclerde bulundu.<\/p>\n","protected":false},"author":1,"featured_media":17299,"comment_status":"open","ping_status":"open","sticky":false,"template":"","format":"standard","meta":{"footnotes":""},"categories":[10],"tags":[212,468,275,270,89],"class_list":["post-17298","post","type-post","status-publish","format-standard","has-post-thumbnail","hentry","category-basketbol","tag-antrenor","tag-basketbol","tag-demir","tag-milli","tag-turk"],"_links":{"self":[{"href":"https:\/\/haberbesiktas.tr\/index.php?rest_route=\/wp\/v2\/posts\/17298","targetHints":{"allow":["GET"]}}],"collection":[{"href":"https:\/\/haberbesiktas.tr\/index.php?rest_route=\/wp\/v2\/posts"}],"about":[{"href":"https:\/\/haberbesiktas.tr\/index.php?rest_route=\/wp\/v2\/types\/post"}],"author":[{"embeddable":true,"href":"https:\/\/haberbesiktas.tr\/index.php?rest_route=\/wp\/v2\/users\/1"}],"replies":[{"embeddable":true,"href":"https:\/\/haberbesiktas.tr\/index.php?rest_route=%2Fwp%2Fv2%2Fcomments&post=17298"}],"version-history":[{"count":1,"href":"https:\/\/haberbesiktas.tr\/index.php?rest_route=\/wp\/v2\/posts\/17298\/revisions"}],"predecessor-version":[{"id":17300,"href":"https:\/\/haberbesiktas.tr\/index.php?rest_route=\/wp\/v2\/posts\/17298\/revisions\/17300"}],"wp:featuredmedia":[{"embeddable":true,"href":"https:\/\/haberbesiktas.tr\/index.php?rest_route=\/wp\/v2\/media\/17299"}],"wp:attachment":[{"href":"https:\/\/haberbesiktas.tr\/index.php?rest_route=%2Fwp%2Fv2%2Fmedia&parent=17298"}],"wp:term":[{"taxonomy":"category","embeddable":true,"href":"https:\/\/haberbesiktas.tr\/index.php?rest_route=%2Fwp%2Fv2%2Fcategories&post=17298"},{"taxonomy":"post_tag","embeddable":true,"href":"https:\/\/haberbesiktas.tr\/index.php?rest_route=%2Fwp%2Fv2%2Ftags&post=17298"}],"curies":[{"name":"wp","href":"https:\/\/api.w.org\/{rel}","templated":true}]}}