{"id":17409,"date":"2025-04-09T04:00:08","date_gmt":"2025-04-09T04:00:08","guid":{"rendered":"https:\/\/haberbesiktas.tr\/?p=17409"},"modified":"2025-04-09T04:00:08","modified_gmt":"2025-04-09T04:00:08","slug":"tolga-zengin-ugurcan-cakir-real-madridde-de-barcelonada-da-oynar","status":"publish","type":"post","link":"https:\/\/haberbesiktas.tr\/?p=17409","title":{"rendered":"Tolga Zengin: &#8220;U\u011furcan \u00c7ak\u0131r, Real Madrid&#8217;de de Barcelona&#8217;da da oynar&#8221;"},"content":{"rendered":"<div>Eski ulusal kaleci Tolga G\u00fc\u00e7l\u00fc, Trabzonspor&#8217;un kalecisi U\u011furcan \u00c7ak\u0131r&#8217;\u0131n d\u00fcnyan\u0131n her ekibinde oynayabilece\u011fini s\u00f6yledi.<\/p>\n<p> Trabzon B\u00fcy\u00fck\u015fehir Belediyesince Hamamizade \u0130hsan Bey K\u00fclt\u00fcr Merkezi&#8217;nde d\u00fczenlenen &#8220;Spor S\u00f6yle\u015fileri&#8221; isimli programa kat\u0131lan Trabzonspor ve Be\u015fikta\u015f&#8217;\u0131n eski futbolcusu Varl\u0131kl\u0131, Trabzon&#8217;da ya\u015fayan herkes \u00fczere futbola mahalle ortas\u0131nda futbol oynayarak ba\u015flad\u0131\u011f\u0131n\u0131 lisana getirdi.<\/p>\n<p> Trabzonspor&#8217;da futbolcu olma \u00f6yk\u00fcs\u00fcn\u00fc anlatan Varl\u0131kl\u0131, Trabzonspor&#8217;un akt\u00fcel form durumunu hakk\u0131nda &#8220;Bu oyuncu k\u00fcmesi, \u00e7ok al\u0131\u015f\u0131lagelmi\u015fin d\u0131\u015f\u0131nda tepki veremeyen bir oyuncu k\u00fcmesi. Art\u0131k zati belirli yerlere o y\u00fcz\u00fcnden transfer yap\u0131l\u0131yor. Bence ba\u015flang\u0131\u00e7 noktas\u0131ndan \u015fu ana geli\u015fimler var fakat \u00e7ok daha yol almas\u0131 gerekti\u011fine kat\u0131l\u0131yorum. &#8216;Neden?&#8217; dersen sebepleri \u00e7ok fazla. \u015eenol hoca kendi istedi\u011fi kadroyu \u015fu an olu\u015fturmaya ba\u015flad\u0131.&#8221; yorumunu yapt\u0131.<\/p>\n<p> G\u00fc\u00e7l\u00fc, bordo-mavili grubun kaptan\u0131 U\u011furcan \u00c7ak\u0131r&#8217;\u0131n \u00e7ok b\u00fcy\u00fck kaleci oldu\u011funu vurgulayarak \u015f\u00f6yle devam etti:<\/p>\n<p> &#8220;Buradan ayr\u0131l\u0131p ayr\u0131lmama noktas\u0131 bence \u015fu an akl\u0131nda olan \u015feyler de\u011fildir. \u00c7ok da katk\u0131 sa\u011fl\u0131yor. Bir iskelet yapaca\u011f\u0131n vakit direkt ba\u015flad\u0131\u011f\u0131n yer oras\u0131d\u0131r. \u00c2l\u00e2 kaleci bulmak da zordur. Trabzonspor&#8217;un en b\u00fcy\u00fck talihi olabilir tahminen de U\u011furcan. \u00c7ok \u00f6zel yetenekleri olan bir kaleci. Ayaklar\u0131 \u00e7ok yeterli, g\u00fcn\u00fcm\u00fcz futboluna \u00e7ok uyuyor. U\u011furcan&#8217;\u0131 d\u00fcnyan\u0131n hangi kadrosuna koyarsan koy oynayabilir. Barcelona&#8217;n\u0131n, Real Madrid&#8217;in kalesine koy burada yapt\u0131\u011f\u0131 birebir \u015feyleri yapar, o denli b\u00fcy\u00fck bir kaleci.&#8221;<\/p>\n<p> Tolga Varl\u0131kl\u0131, &#8220;Gelecekte Trabzonspor&#8217;un teknik tak\u0131m\u0131nda vazife almay\u0131 d\u00fc\u015f\u00fcn\u00fcyor musunuz?&#8221; sorusuna ise &#8220;G\u00f6rev alman\u0131za gerek yok, esasen Trabzonspor i\u00e7in bir misyonunuz oluyor. Mesela 3 ay evvel Trabzon&#8217;a geldi\u011fim vakit U\u011furcan ile haberle\u015fip Faroz&#8217;da oturduk abi karde\u015f olarak, Trabzonspor&#8217;un eski ve yeni kaptan\u0131 olarak oturup fikrini s\u00f6yleyebilir, birebir halde fikrimi alabilir. Bunlar\u0131 zati biz yap\u0131yoruz. Trabzonspor&#8217;da bir vazifem olmak zorunda de\u011fil lakin olabilir, olmaz demeyelim.&#8221; cevab\u0131n\u0131 verdi.<\/p>\n<\/div>\n<p><\/p>\n","protected":false},"excerpt":{"rendered":"<p>Eski ulusal futbolcu Tolga Varl\u0131kl\u0131, &#8220;Spor S\u00f6yle\u015fileri&#8221; program\u0131nda a\u00e7\u0131klamalarda bulundu.<\/p>\n","protected":false},"author":1,"featured_media":17410,"comment_status":"open","ping_status":"open","sticky":false,"template":"","format":"standard","meta":{"footnotes":""},"categories":[25],"tags":[172,1720,230,1822,1821],"class_list":["post-17409","post","type-post","status-publish","format-standard","has-post-thumbnail","hentry","category-futbol","tag-futbol","tag-kaleci","tag-trabzon","tag-trabzonsporun","tag-ugurcan"],"_links":{"self":[{"href":"https:\/\/haberbesiktas.tr\/index.php?rest_route=\/wp\/v2\/posts\/17409","targetHints":{"allow":["GET"]}}],"collection":[{"href":"https:\/\/haberbesiktas.tr\/index.php?rest_route=\/wp\/v2\/posts"}],"about":[{"href":"https:\/\/haberbesiktas.tr\/index.php?rest_route=\/wp\/v2\/types\/post"}],"author":[{"embeddable":true,"href":"https:\/\/haberbesiktas.tr\/index.php?rest_route=\/wp\/v2\/users\/1"}],"replies":[{"embeddable":true,"href":"https:\/\/haberbesiktas.tr\/index.php?rest_route=%2Fwp%2Fv2%2Fcomments&post=17409"}],"version-history":[{"count":1,"href":"https:\/\/haberbesiktas.tr\/index.php?rest_route=\/wp\/v2\/posts\/17409\/revisions"}],"predecessor-version":[{"id":17411,"href":"https:\/\/haberbesiktas.tr\/index.php?rest_route=\/wp\/v2\/posts\/17409\/revisions\/17411"}],"wp:featuredmedia":[{"embeddable":true,"href":"https:\/\/haberbesiktas.tr\/index.php?rest_route=\/wp\/v2\/media\/17410"}],"wp:attachment":[{"href":"https:\/\/haberbesiktas.tr\/index.php?rest_route=%2Fwp%2Fv2%2Fmedia&parent=17409"}],"wp:term":[{"taxonomy":"category","embeddable":true,"href":"https:\/\/haberbesiktas.tr\/index.php?rest_route=%2Fwp%2Fv2%2Fcategories&post=17409"},{"taxonomy":"post_tag","embeddable":true,"href":"https:\/\/haberbesiktas.tr\/index.php?rest_route=%2Fwp%2Fv2%2Ftags&post=17409"}],"curies":[{"name":"wp","href":"https:\/\/api.w.org\/{rel}","templated":true}]}}