{"id":17412,"date":"2025-04-09T04:12:06","date_gmt":"2025-04-09T04:12:06","guid":{"rendered":"https:\/\/haberbesiktas.tr\/?p=17412"},"modified":"2025-04-09T04:12:06","modified_gmt":"2025-04-09T04:12:06","slug":"alanyaspor-5-oyuncu-icin-imza-toreni-duzenledi","status":"publish","type":"post","link":"https:\/\/haberbesiktas.tr\/?p=17412","title":{"rendered":"Alanyaspor, 5 oyuncu i\u00e7in imza t\u00f6reni d\u00fczenledi"},"content":{"rendered":"<div>\n<div> Corendon Alanyaspor, orta transfer periyodunda tak\u0131m\u0131na katt\u0131\u011f\u0131 5 oyuncu ile kontratimzalad\u0131.<\/p>\n<p> Cengiz Aydo\u011fan Spor Tesisleri&#8217;nde yerli ve yabanc\u0131 futbolcular i\u00e7in ba\u015fka farkl\u0131 imza merasimi yap\u0131ld\u0131.<\/p>\n<p> Panathinaikos&#8217;tan transfer edilen Tonny Vilhena ve Andraz Sporar i\u00e7in ger\u00e7ekle\u015ftirilen imza t\u00f6reninde konu\u015fan kul\u00fcp ba\u015fkan\u0131 Hasan \u00c7avu\u015fo\u011flu, devre ortas\u0131nda transfer yapman\u0131n epeyce g\u00fc\u00e7 oldu\u011funu s\u00f6yledi.<\/p>\n<p> Transferin son g\u00fcn\u00fcnde olduklar\u0131n\u0131 anlatan \u00c7avu\u015fo\u011flu, &#8220;Yeni gelen futbolcularla g\u00f6r\u00fc\u015fmelerimiz devam ediyordu. \u0130ki g\u00fcn evvel imza merasim yap\u0131yoruz, diye duyurusunu yapt\u0131k. Panathinaikos&#8217;dan iki futbolcumuz var. Birinci transferimiz santrfor b\u00f6lgesinde oynayan Andraz Sporar, oburu de orta saha oyuncusu Tonny Vilhena. Bu b\u00f6lgede eksikliklerimiz vard\u0131. Bu eksiklikleri bu transferlerle giderece\u011fimizi d\u00fc\u015f\u00fcn\u00fcyoruz. Vilhena d\u00f6nem sonuna kadar Sporar ile de 2.5 y\u0131ll\u0131k kontrat imzalad\u0131k.&#8221; dedi.<\/p>\n<p> \u00c7avu\u015fo\u011flu, transferde eme\u011fi ge\u00e7en herkese te\u015fekk\u00fcr ederek, eski oyuncular\u0131 Tzavellas&#8217;\u0131n bu transferlerde katk\u0131s\u0131n\u0131n \u00e7ok fazla oldu\u011funu kelamlar\u0131na ekledi.<\/p>\n<p> Hollandal\u0131 orta saha oyuncusu Vilhena ise burada oldu\u011fu i\u00e7in mutluyu oldu\u011funu belirterek, &#8220;\u015eu anda \u00e7ok haz\u0131r\u0131m. Gruba her \u015feyimi vermek istiyorum. Kadroya yard\u0131mc\u0131 olmak istiyorum. Umar\u0131m hepimiz i\u00e7in uygun bir d\u00f6nem olacak.&#8221; diye konu\u015ftu.<\/p>\n<p> Sloven forvet Andraz Sporar ise gruba yard\u0131m etmeye haz\u0131r oldu\u011funu lisana getirerek, &#8220;Bir an evvel kadroyla \u00e7al\u0131\u015fmaya ba\u015flamak istiyorum. Umar\u0131m kupada ve ligde sonuna kadar ilerleriz.&#8221; a\u00e7\u0131klamas\u0131nda bulundu.<\/p>\n<p> <strong>Yerli oyuncularla 4,5 y\u0131ll\u0131k mukavele imzaland\u0131<\/strong><\/p>\n<p> Yerli oyuncular i\u00e7in ger\u00e7ekle\u015ftiren imza merasiminde, Pendikspor&#8217;dan Enes Keskin, Umut Mert Toy ve Duisburg&#8217;tan Batuhan Yavuz ile 4,5 y\u0131ll\u0131k kontrat imzaland\u0131.<\/p>\n<p> \u00c7avu\u015fo\u011flu, T\u00fcrk ve gen\u00e7 oyunculara ehemmiyet veren bir kul\u00fcp olduklar\u0131n\u0131 s\u00f6yledi.<\/p>\n<p> Bu do\u011frultuda devre ortas\u0131 transferin g\u00fc\u00e7 olmas\u0131na kar\u015f\u0131n gen\u00e7 oyuncular\u0131 tak\u0131mlar\u0131na katt\u0131klar\u0131n\u0131 anlatan \u00c7avu\u015fo\u011flu, \u015funlar\u0131 lisana getirdi:<\/p>\n<p> &#8220;Pendikspor&#8217;dan orta alana Enes Keskin&#8217;i, stoper b\u00f6lgesine Umut Mert Toy&#8217;u ve Duisburg&#8217;dan da sa\u011f beke Batuhan Yavuz&#8217;u ald\u0131k. Kendilerini daha da \u00fcst ta\u015f\u0131yacaklar\u0131 bir kul\u00fcbe geldiler. Bu oyuncular Alanyaspor&#8217;un gelece\u011fine de katk\u0131 sa\u011flayacakt\u0131r. Burada g\u00fczel \u00e7al\u0131\u015facaklar, \u00fczerine daha \u00e7ok koyacaklar. \u00d6nlerinde a\u00e7\u0131k bir s\u00fcre\u00e7 var. Onlar i\u00e7in de buras\u0131 \u00fclk\u00fc bir kul\u00fcp. Hem kul\u00fcb\u00fcm\u00fcze hem de gen\u00e7lerimize g\u00fczel olsun. \u0130n\u015fallah onlarda ellerinden geleni yapacaklard\u0131r. Kazas\u0131z belas\u0131z bir d\u00f6nem ge\u00e7irmeyi diliyorum.&#8221;<\/p>\n<p> Alanyaspor&#8217;un Duisburg&#8217;tan transfer etti\u011fi 19 ya\u015f\u0131ndaki gen\u00e7 oyuncusu Batuhan Yavuz ise potansiyeline inanan Alanyaspor&#8217;da \u00e7al\u0131\u015f\u0131p ama\u00e7lar\u0131na ger\u00e7ek ilerleyece\u011fini s\u00f6z etti.<\/p>\n<p> Alanyaspor&#8217;un Pendikspor&#8217;dan tak\u0131m\u0131na katt\u0131\u011f\u0131 23 ya\u015f\u0131ndaki Enes Keskin ise Alanyaspor&#8217;un gen\u00e7 oyuncular i\u00e7in \u00e7ok k\u0131ymetli bir kul\u00fcp oldu\u011funu hat\u0131rlatarak, &#8220;Buras\u0131 hayallerimize giden yolda de\u011ferli bir yer. \u00c7al\u0131\u015f\u0131p, geli\u015fip \u00f6n\u00fcm\u00fcze bakaca\u011f\u0131z.&#8221; dedi.<\/p>\n<p> Birebir gruptan gelen 20 ya\u015f\u0131ndaki Umut Mert Toy ise kul\u00fcbe ve kendilerine g\u00fcvendiklerini anlatarak, \u00e7ok \u00e7al\u0131\u015farak, kadrosu \u00fcst noktalara ta\u015f\u0131yarak ligi en ho\u015f bi\u00e7imde tamamlamak istediklerini kaydetti.<\/p>\n<div>\u00a0<\/div>\n<\/p><\/div>\n<div>\u00a0<\/div>\n<\/div>\n<p><\/p>\n","protected":false},"excerpt":{"rendered":"<p>Corendon Alanyaspor, orta transfer periyodunda tak\u0131m\u0131na katt\u0131\u011f\u0131 5 oyuncu ile kontrat imzalad\u0131.<\/p>\n","protected":false},"author":1,"featured_media":17413,"comment_status":"open","ping_status":"open","sticky":false,"template":"","format":"standard","meta":{"footnotes":""},"categories":[25],"tags":[1824,334,1823,49,48],"class_list":["post-17412","post","type-post","status-publish","format-standard","has-post-thumbnail","hentry","category-futbol","tag-cavusoglu","tag-genc","tag-imza","tag-oyuncu","tag-transfer"],"_links":{"self":[{"href":"https:\/\/haberbesiktas.tr\/index.php?rest_route=\/wp\/v2\/posts\/17412","targetHints":{"allow":["GET"]}}],"collection":[{"href":"https:\/\/haberbesiktas.tr\/index.php?rest_route=\/wp\/v2\/posts"}],"about":[{"href":"https:\/\/haberbesiktas.tr\/index.php?rest_route=\/wp\/v2\/types\/post"}],"author":[{"embeddable":true,"href":"https:\/\/haberbesiktas.tr\/index.php?rest_route=\/wp\/v2\/users\/1"}],"replies":[{"embeddable":true,"href":"https:\/\/haberbesiktas.tr\/index.php?rest_route=%2Fwp%2Fv2%2Fcomments&post=17412"}],"version-history":[{"count":1,"href":"https:\/\/haberbesiktas.tr\/index.php?rest_route=\/wp\/v2\/posts\/17412\/revisions"}],"predecessor-version":[{"id":17414,"href":"https:\/\/haberbesiktas.tr\/index.php?rest_route=\/wp\/v2\/posts\/17412\/revisions\/17414"}],"wp:featuredmedia":[{"embeddable":true,"href":"https:\/\/haberbesiktas.tr\/index.php?rest_route=\/wp\/v2\/media\/17413"}],"wp:attachment":[{"href":"https:\/\/haberbesiktas.tr\/index.php?rest_route=%2Fwp%2Fv2%2Fmedia&parent=17412"}],"wp:term":[{"taxonomy":"category","embeddable":true,"href":"https:\/\/haberbesiktas.tr\/index.php?rest_route=%2Fwp%2Fv2%2Fcategories&post=17412"},{"taxonomy":"post_tag","embeddable":true,"href":"https:\/\/haberbesiktas.tr\/index.php?rest_route=%2Fwp%2Fv2%2Ftags&post=17412"}],"curies":[{"name":"wp","href":"https:\/\/api.w.org\/{rel}","templated":true}]}}