{"id":17468,"date":"2025-04-09T07:36:05","date_gmt":"2025-04-09T07:36:05","guid":{"rendered":"https:\/\/haberbesiktas.tr\/?p=17468"},"modified":"2025-04-09T07:36:05","modified_gmt":"2025-04-09T07:36:05","slug":"arda-turan-galatasaraydan-istiyor","status":"publish","type":"post","link":"https:\/\/haberbesiktas.tr\/?p=17468","title":{"rendered":"Arda Turan, Galatasaray&#8217;dan istiyor!"},"content":{"rendered":"<div>Transfer devrinin kapanmas\u0131na saatler kala, gruplar\u0131n destek \u00e7al\u0131\u015fmalar\u0131 devam ediyor.<\/p>\n<p> Ey\u00fcpspor, Galatasaray&#8217;\u0131n 20 ya\u015f\u0131ndaki orta saha oyuncusu Ey\u00fcp Ayd\u0131n i\u00e7in harekete ge\u00e7ti.<\/p>\n<p> Ey\u00fcp Ayd\u0131n&#8217;\u0131n kiralanmas\u0131 i\u00e7in Galatasaray taraf\u0131yla muahedeye varan Ey\u00fcpspor, 20 ya\u015f\u0131ndaki oyuncunun karar\u0131n\u0131 bekliyor.<\/p>\n<p> \u00d6te yandan teknik y\u00f6netici Arda Turan da gen\u00e7 orta saha oyuncusunu kadrosunda g\u00f6rmek istiyor.<\/p>\n<\/div>\n<p><\/p>\n","protected":false},"excerpt":{"rendered":"<p>Ey\u00fcp Ayd\u0131n&#8217;\u0131n kiralanmas\u0131 i\u00e7in Galatasaray ile muahedeye varan Ey\u00fcpspor, 20 ya\u015f\u0131ndaki oyuncunun karar\u0131n\u0131 bekliyor.<\/p>\n","protected":false},"author":1,"featured_media":17469,"comment_status":"open","ping_status":"open","sticky":false,"template":"","format":"standard","meta":{"footnotes":""},"categories":[25],"tags":[],"class_list":["post-17468","post","type-post","status-publish","format-standard","has-post-thumbnail","hentry","category-futbol"],"_links":{"self":[{"href":"https:\/\/haberbesiktas.tr\/index.php?rest_route=\/wp\/v2\/posts\/17468","targetHints":{"allow":["GET"]}}],"collection":[{"href":"https:\/\/haberbesiktas.tr\/index.php?rest_route=\/wp\/v2\/posts"}],"about":[{"href":"https:\/\/haberbesiktas.tr\/index.php?rest_route=\/wp\/v2\/types\/post"}],"author":[{"embeddable":true,"href":"https:\/\/haberbesiktas.tr\/index.php?rest_route=\/wp\/v2\/users\/1"}],"replies":[{"embeddable":true,"href":"https:\/\/haberbesiktas.tr\/index.php?rest_route=%2Fwp%2Fv2%2Fcomments&post=17468"}],"version-history":[{"count":1,"href":"https:\/\/haberbesiktas.tr\/index.php?rest_route=\/wp\/v2\/posts\/17468\/revisions"}],"predecessor-version":[{"id":17470,"href":"https:\/\/haberbesiktas.tr\/index.php?rest_route=\/wp\/v2\/posts\/17468\/revisions\/17470"}],"wp:featuredmedia":[{"embeddable":true,"href":"https:\/\/haberbesiktas.tr\/index.php?rest_route=\/wp\/v2\/media\/17469"}],"wp:attachment":[{"href":"https:\/\/haberbesiktas.tr\/index.php?rest_route=%2Fwp%2Fv2%2Fmedia&parent=17468"}],"wp:term":[{"taxonomy":"category","embeddable":true,"href":"https:\/\/haberbesiktas.tr\/index.php?rest_route=%2Fwp%2Fv2%2Fcategories&post=17468"},{"taxonomy":"post_tag","embeddable":true,"href":"https:\/\/haberbesiktas.tr\/index.php?rest_route=%2Fwp%2Fv2%2Ftags&post=17468"}],"curies":[{"name":"wp","href":"https:\/\/api.w.org\/{rel}","templated":true}]}}