{"id":17471,"date":"2025-04-09T07:48:05","date_gmt":"2025-04-09T07:48:05","guid":{"rendered":"https:\/\/haberbesiktas.tr\/?p=17471"},"modified":"2025-04-09T07:48:05","modified_gmt":"2025-04-09T07:48:05","slug":"tff-var-kayitlarini-acikladi","status":"publish","type":"post","link":"https:\/\/haberbesiktas.tr\/?p=17471","title":{"rendered":"TFF, VAR kay\u0131tlar\u0131n\u0131 a\u00e7\u0131klad\u0131!"},"content":{"rendered":"<div>T\u00fcrkiye Futbol Federasyonu, 23. haftan\u0131n VAR kay\u0131tlar\u0131n\u0131 a\u00e7\u0131klad\u0131.<\/p>\n<p><strong>\u0130\u015fte haftan\u0131n VAR kay\u0131tlar\u0131<\/strong><\/p>\n<p> Trabzonspor-Ey\u00fcpspor m\u00fcsabakas\u0131 Dakika 3: Ey\u00fcpspor lehine penalt\u0131 karar\u0131<\/p>\n<p>Mehmet T\u00fcrkmen oyunu devam ettirdi, akabinde VAR, durum incelemesi i\u00e7in Mehmet T\u00fcrkmen&#8217;i VAR monit\u00f6r\u00fcne \u00e7a\u011f\u0131rd\u0131.<\/p>\n<p> VAR: Sana penalt\u0131 nedeniyle alanda inceleme \u00f6neriyorum. Temas noktas\u0131na geri d\u00f6n. Evet, bu bir temas noktas\u0131. Defans oyuncusunun baca\u011f\u0131 ile topun ortas\u0131nda. Sana a\u011f\u0131r \u00e7ekimde g\u00f6steriyorum.<\/p>\n<p> Mehmet T\u00fcrkmen: Evet, temas eden defans oyuncusunu g\u00f6r\u00fcyorum.<\/p>\n<p> VAR: Ona tekme at\u0131yor.<\/p>\n<p> Mehmet T\u00fcrkmen: Tamam, topla kimin oynad\u0131\u011f\u0131n\u0131 g\u00f6rebilir miyim? \u00d6teki a\u00e7\u0131 daha uygun.<\/p>\n<p> VAR: Bak, bu sar\u0131 olan\u0131n dizi.<\/p>\n<p> Mehmet T\u00fcrkmen: Tamam g\u00f6rd\u00fcm, hamle oyuncusu topla oynuyor, defans oyuncusu vuruyor. Bunun i\u00e7in penalt\u0131 verece\u011fim. Kart yok.<\/p>\n<p> VAR: Ve kart yok. Kat\u0131l\u0131yorum.<\/p>\n<p> (Mehmet T\u00fcrkmen karar\u0131n\u0131 penalt\u0131 olarak de\u011fi\u015ftirdi.)<\/p>\n<\/div>\n<p><\/p>\n","protected":false},"excerpt":{"rendered":"<p>TFF, S\u00fcper Lig&#8217;de 23. haftan\u0131n VAR kay\u0131tlar\u0131n\u0131 a\u00e7\u0131klad\u0131.<\/p>\n","protected":false},"author":1,"featured_media":17472,"comment_status":"open","ping_status":"open","sticky":false,"template":"","format":"standard","meta":{"footnotes":""},"categories":[25],"tags":[1826],"class_list":["post-17471","post","type-post","status-publish","format-standard","has-post-thumbnail","hentry","category-futbol","tag-mehmet-turkmen"],"_links":{"self":[{"href":"https:\/\/haberbesiktas.tr\/index.php?rest_route=\/wp\/v2\/posts\/17471","targetHints":{"allow":["GET"]}}],"collection":[{"href":"https:\/\/haberbesiktas.tr\/index.php?rest_route=\/wp\/v2\/posts"}],"about":[{"href":"https:\/\/haberbesiktas.tr\/index.php?rest_route=\/wp\/v2\/types\/post"}],"author":[{"embeddable":true,"href":"https:\/\/haberbesiktas.tr\/index.php?rest_route=\/wp\/v2\/users\/1"}],"replies":[{"embeddable":true,"href":"https:\/\/haberbesiktas.tr\/index.php?rest_route=%2Fwp%2Fv2%2Fcomments&post=17471"}],"version-history":[{"count":1,"href":"https:\/\/haberbesiktas.tr\/index.php?rest_route=\/wp\/v2\/posts\/17471\/revisions"}],"predecessor-version":[{"id":17473,"href":"https:\/\/haberbesiktas.tr\/index.php?rest_route=\/wp\/v2\/posts\/17471\/revisions\/17473"}],"wp:featuredmedia":[{"embeddable":true,"href":"https:\/\/haberbesiktas.tr\/index.php?rest_route=\/wp\/v2\/media\/17472"}],"wp:attachment":[{"href":"https:\/\/haberbesiktas.tr\/index.php?rest_route=%2Fwp%2Fv2%2Fmedia&parent=17471"}],"wp:term":[{"taxonomy":"category","embeddable":true,"href":"https:\/\/haberbesiktas.tr\/index.php?rest_route=%2Fwp%2Fv2%2Fcategories&post=17471"},{"taxonomy":"post_tag","embeddable":true,"href":"https:\/\/haberbesiktas.tr\/index.php?rest_route=%2Fwp%2Fv2%2Ftags&post=17471"}],"curies":[{"name":"wp","href":"https:\/\/api.w.org\/{rel}","templated":true}]}}