{"id":17474,"date":"2025-04-09T08:00:06","date_gmt":"2025-04-09T08:00:06","guid":{"rendered":"https:\/\/haberbesiktas.tr\/?p=17474"},"modified":"2025-04-09T08:00:06","modified_gmt":"2025-04-09T08:00:06","slug":"tff-baskani-haciosmanoglu-uefa-baskani-ceferin-ile-bulustu","status":"publish","type":"post","link":"https:\/\/haberbesiktas.tr\/?p=17474","title":{"rendered":"TFF Ba\u015fkan\u0131 Hac\u0131osmano\u011flu, UEFA Ba\u015fkan\u0131 Ceferin ile bulu\u015ftu"},"content":{"rendered":"<div><span><span>T\u00fcrkiye Futbol Federasyonu (TFF) Ba\u015fkan\u0131 \u0130brahim Hac\u0131osmano\u011flu, UEFA Lideri Aleksander Ceferin ile \u0130svi\u00e7re&#8217;de bulu\u015ftu.\u00a0<\/span><\/span> TFF&#8217;den yap\u0131lan a\u00e7\u0131klamaya nazaran, UEFA&#8217;n\u0131n Nyon kentinde bulunan merkez binas\u0131nda ger\u00e7ekle\u015fen g\u00f6r\u00fc\u015fmede, TFF Ba\u015fdan\u0131\u015fman\u0131 Yusuf Yerkel, UEFA \u00dcye Federasyonlar Y\u00f6neticisi Zoran Lakovic ve UEFA Stratejik Dan\u0131\u015fman\u0131 Kadir Karda\u015f da yer ald\u0131.<\/p>\n<p> Toplant\u0131da, nisan ay\u0131 i\u00e7erisinde UEFA Ba\u015fkan\u0131 Ceferin&#8217;in kat\u0131l\u0131m\u0131yla UEFA \u0130stanbul Temsilcili\u011fi&#8217;nin a\u00e7\u0131l\u0131\u015f\u0131n\u0131n ger\u00e7ekle\u015ftirilmesi kararla\u015ft\u0131r\u0131ld\u0131.<\/p>\n<p> Ayr\u0131yeten T\u00fcrkiye&#8217;nin \u0130talya ile i\u015ftirak \u00e7er\u00e7evesinde mesken sahipli\u011fi yapaca\u011f\u0131 2032 Avrupa Futbol \u015eampiyonas\u0131&#8217;na (EURO 2032) ve yeniden T\u00fcrkiye&#8217;de oynanacak 2026 UEFA Avrupa Ligi Finali ile 2027 UEFA Konferans Ligi Finali&#8217;ne dair yap\u0131lan haz\u0131rl\u0131klar\u0131n son durumunun de\u011ferlendirildi\u011fi toplant\u0131da, TFF ve UEFA&#8217;n\u0131n i\u015f birli\u011fi do\u011frultusunda T\u00fcrkiye&#8217;de hayata ge\u00e7irilebilecek yeni projeler hakk\u0131nda fikir al\u0131\u015fveri\u015finde bulunuldu.<\/p>\n<\/div>\n<p><\/p>\n","protected":false},"excerpt":{"rendered":"<p>T\u00fcrkiye Futbol Federasyonu (TFF) Ba\u015fkan\u0131 \u0130brahim Hac\u0131osmano\u011flu, UEFA Lideri Aleksander Ceferin ile \u0130svi\u00e7re&#8217;de bir ortaya geldi.<\/p>\n","protected":false},"author":1,"featured_media":17475,"comment_status":"open","ping_status":"open","sticky":false,"template":"","format":"standard","meta":{"footnotes":""},"categories":[25],"tags":[806],"class_list":["post-17474","post","type-post","status-publish","format-standard","has-post-thumbnail","hentry","category-futbol","tag-uefa"],"_links":{"self":[{"href":"https:\/\/haberbesiktas.tr\/index.php?rest_route=\/wp\/v2\/posts\/17474","targetHints":{"allow":["GET"]}}],"collection":[{"href":"https:\/\/haberbesiktas.tr\/index.php?rest_route=\/wp\/v2\/posts"}],"about":[{"href":"https:\/\/haberbesiktas.tr\/index.php?rest_route=\/wp\/v2\/types\/post"}],"author":[{"embeddable":true,"href":"https:\/\/haberbesiktas.tr\/index.php?rest_route=\/wp\/v2\/users\/1"}],"replies":[{"embeddable":true,"href":"https:\/\/haberbesiktas.tr\/index.php?rest_route=%2Fwp%2Fv2%2Fcomments&post=17474"}],"version-history":[{"count":1,"href":"https:\/\/haberbesiktas.tr\/index.php?rest_route=\/wp\/v2\/posts\/17474\/revisions"}],"predecessor-version":[{"id":17476,"href":"https:\/\/haberbesiktas.tr\/index.php?rest_route=\/wp\/v2\/posts\/17474\/revisions\/17476"}],"wp:featuredmedia":[{"embeddable":true,"href":"https:\/\/haberbesiktas.tr\/index.php?rest_route=\/wp\/v2\/media\/17475"}],"wp:attachment":[{"href":"https:\/\/haberbesiktas.tr\/index.php?rest_route=%2Fwp%2Fv2%2Fmedia&parent=17474"}],"wp:term":[{"taxonomy":"category","embeddable":true,"href":"https:\/\/haberbesiktas.tr\/index.php?rest_route=%2Fwp%2Fv2%2Fcategories&post=17474"},{"taxonomy":"post_tag","embeddable":true,"href":"https:\/\/haberbesiktas.tr\/index.php?rest_route=%2Fwp%2Fv2%2Ftags&post=17474"}],"curies":[{"name":"wp","href":"https:\/\/api.w.org\/{rel}","templated":true}]}}