{"id":17480,"date":"2025-04-09T08:24:06","date_gmt":"2025-04-09T08:24:06","guid":{"rendered":"https:\/\/haberbesiktas.tr\/?p=17480"},"modified":"2025-04-09T08:24:06","modified_gmt":"2025-04-09T08:24:06","slug":"galatasaray-adana-demirspor-maci-sonrasi-tffde-karar-gunu","status":"publish","type":"post","link":"https:\/\/haberbesiktas.tr\/?p=17480","title":{"rendered":"Galatasaray-Adana Demirspor ma\u00e7\u0131 sonras\u0131 TFF&#8217;de karar g\u00fcn\u00fc!"},"content":{"rendered":"<div>T\u00fcrkiye Futbol Federasyonu ve \u015furalar\u0131nda a\u011f\u0131r bir hafta ya\u015fan\u0131yor. Bug\u00fcn ma\u00e7 planlama grubu 25, 26 ve 27&#8217;nci haftan\u0131n programlar\u0131 \u00fczerinde \u00e7al\u0131\u015f\u0131rken Galatasaray ile Fenerbah\u00e7e ortas\u0131nda oynanacak derbi ma\u00e7\u0131n tarihi de belirli olmu\u015ftu. <\/p>\n<p>TFF&#8217;de toplant\u0131lar hafta boyunca devam edecek. \u00c7ar\u015famba g\u00fcn\u00fc \u015fimdiki bahisler ve \u00fclke futbolunun g\u00fcndemini de\u011ferlendirmek i\u00e7in y\u00f6netim kurulu \u00fcyeleri, Riva&#8217;da bir ortaya gelecek.<\/p>\n<p> <strong>PFDK TOPLANTISI PER\u015eEMBE G\u00dcN\u00dc<\/strong><\/p>\n<p> \u00d6te yandan 23&#8217;\u00fcnc\u00fc haftada oynanan ancak tamamlanamayan Galatasaray &#8211; Adana Demirspor ma\u00e7\u0131yla ilgili karar ise per\u015fembe g\u00fcn\u00fc <br \/>a\u00e7\u0131klanacak. <\/p>\n<p>PFDK toplant\u0131s\u0131 Per\u015fembe g\u00fcn\u00fc yap\u0131ld\u0131ktan sonra Galatasaray 3-0 h\u00fckmen galip say\u0131lacak ve 3 puan eklenecek. Ayr\u0131yeten talimatlar gere\u011fi Adana Demirspor&#8217;un 3 puan\u0131\u00a0silinecek.<\/p>\n<\/div>\n<p><\/p>\n","protected":false},"excerpt":{"rendered":"<p>T\u00fcrkiye Futbol Federasyonu, akt\u00fcel bahisler ve \u00fclke futbol g\u00fcndemini pahaland\u0131rmak i\u00e7in \u00e7ar\u015famba g\u00fcn\u00fc 11.00&#8217;de Riva&#8217;da bir toplant\u0131 yapacak.<\/p>\n","protected":false},"author":1,"featured_media":17481,"comment_status":"open","ping_status":"open","sticky":false,"template":"","format":"standard","meta":{"footnotes":""},"categories":[25],"tags":[],"class_list":["post-17480","post","type-post","status-publish","format-standard","has-post-thumbnail","hentry","category-futbol"],"_links":{"self":[{"href":"https:\/\/haberbesiktas.tr\/index.php?rest_route=\/wp\/v2\/posts\/17480","targetHints":{"allow":["GET"]}}],"collection":[{"href":"https:\/\/haberbesiktas.tr\/index.php?rest_route=\/wp\/v2\/posts"}],"about":[{"href":"https:\/\/haberbesiktas.tr\/index.php?rest_route=\/wp\/v2\/types\/post"}],"author":[{"embeddable":true,"href":"https:\/\/haberbesiktas.tr\/index.php?rest_route=\/wp\/v2\/users\/1"}],"replies":[{"embeddable":true,"href":"https:\/\/haberbesiktas.tr\/index.php?rest_route=%2Fwp%2Fv2%2Fcomments&post=17480"}],"version-history":[{"count":1,"href":"https:\/\/haberbesiktas.tr\/index.php?rest_route=\/wp\/v2\/posts\/17480\/revisions"}],"predecessor-version":[{"id":17482,"href":"https:\/\/haberbesiktas.tr\/index.php?rest_route=\/wp\/v2\/posts\/17480\/revisions\/17482"}],"wp:featuredmedia":[{"embeddable":true,"href":"https:\/\/haberbesiktas.tr\/index.php?rest_route=\/wp\/v2\/media\/17481"}],"wp:attachment":[{"href":"https:\/\/haberbesiktas.tr\/index.php?rest_route=%2Fwp%2Fv2%2Fmedia&parent=17480"}],"wp:term":[{"taxonomy":"category","embeddable":true,"href":"https:\/\/haberbesiktas.tr\/index.php?rest_route=%2Fwp%2Fv2%2Fcategories&post=17480"},{"taxonomy":"post_tag","embeddable":true,"href":"https:\/\/haberbesiktas.tr\/index.php?rest_route=%2Fwp%2Fv2%2Ftags&post=17480"}],"curies":[{"name":"wp","href":"https:\/\/api.w.org\/{rel}","templated":true}]}}