{"id":17483,"date":"2025-04-09T08:36:07","date_gmt":"2025-04-09T08:36:07","guid":{"rendered":"https:\/\/haberbesiktas.tr\/?p=17483"},"modified":"2025-04-09T08:36:07","modified_gmt":"2025-04-09T08:36:07","slug":"galatasarayda-3-5-yillik-imza-eren-elmali","status":"publish","type":"post","link":"https:\/\/haberbesiktas.tr\/?p=17483","title":{"rendered":"Galatasaray&#8217;da 3.5 y\u0131ll\u0131k imza: Eren Elmal\u0131"},"content":{"rendered":"<div>K\u0131\u015f transfer devrinde Ahmed Kutucu, Alvaro Morata, Mario Lemina, Carlos Cuesta ve Przemyslaw Frankowski&#8217;yi tak\u0131m\u0131na katan Galatasaray, transferin son saatlerinde Eren Elmal\u0131 i\u00e7in Trabzonspor&#8217;un kap\u0131s\u0131n\u0131 \u00e7ald\u0131.<\/p>\n<p> Teknik y\u00f6netici Okan Buruk&#8217;un talebi do\u011frultusunda sol bek hari\u00e7 eksiklerini gideren Galatasaray, de\u011ferli ataklar yapmas\u0131n\u0131n akabinde idare ile teknik tak\u0131m transfer i\u00e7in bir ortaya geldi. Teknik heyetin sol bek transferine k\u0131ymet vermesinin akabinde, Trabzonspor ile yine g\u00f6r\u00fc\u015fmeler ba\u015flad\u0131.<\/p>\n<p> <strong>TFF&#8217;YE B\u0130LD\u0130R\u0130LD\u0130<\/strong><\/p>\n<p>G\u00f6r\u00fc\u015fmede Galatasaray&#8217;\u0131n 4 milyon euro bonservis bedeli ve 1,2 milyon euro bonus \u00fczerinden Trabzonspor ile mutabakat sa\u011flad\u0131\u011f\u0131 ortaya \u00e7\u0131kt\u0131.<\/p>\n<p><strong>2028&#8217;YE KADAR S\u00d6ZLE\u015eME<\/strong><\/p>\n<p>Trabzonspor, Eren Elmal\u0131&#8217;n\u0131n kontrat\u0131n\u0131n kar\u015f\u0131l\u0131kl\u0131 sona erdirildi\u011fini TFF&#8217;ye bildirdi. Bu geli\u015fmenin akabinde Galatasaray, Eren ile 2028 y\u0131l\u0131na kadar mukavele imzaland\u0131\u011f\u0131n\u0131 TFF&#8217;ye bildirdi.<\/p>\n<p><img decoding=\"async\" src=\"https:\/\/haberbesiktas.tr\/wp-content\/uploads\/2025\/04\/galatasarayda-35-yillik-imza-eren-elmali-0-6CUK15I5.jpg\"\/><\/p>\n<p><strong>\u00c7AR\u015eAMBA \u0130STANBUL&#8217;DA<\/strong><\/p>\n<p>Eren Elmal\u0131, Galatasaray&#8217;a transferini tamamlamak i\u00e7in \u00e7ar\u015famba g\u00fcn\u00fc \u0130stanbul&#8217;da olacak.<\/p>\n<p>\u00d6te yandan Galatasaray ile anla\u015fan Eren Elmal\u0131&#8217;n\u0131n Trabzonspor&#8217;dan iki ayl\u0131k alaca\u011f\u0131n\u0131 b\u0131rakt\u0131\u011f\u0131 \u00f6\u011frenildi.<\/p>\n<p> <strong>PERFORMANSI<\/strong><\/p>\n<p> Trabzonspor ile 2027 y\u0131l\u0131na kadar kontrat\u0131 bulunan Eren Elmal\u0131, bu d\u00f6nem 22 ma\u00e7a \u00e7\u0131kt\u0131 ve 1 asist yapt\u0131.\u00a0<\/p>\n<\/div>\n<p><\/p>\n","protected":false},"excerpt":{"rendered":"<p>Galatasaray, Eren Elmal\u0131 i\u00e7in transferin son saatlerinde Trabzonspor ile tekrar temas kurdu ve bordo-mavililer ile muahede sa\u011flad\u0131. Trabzonspor, Eren&#8217;in mukavelesinin kar\u015f\u0131l\u0131kl\u0131 sona erdirildi\u011fini TFF&#8217;ye bildirdi. Galatasaray, Eren Elmal\u0131 ile 3.5 y\u0131ll\u0131k mukavele imzalad\u0131.<\/p>\n","protected":false},"author":1,"featured_media":17484,"comment_status":"open","ping_status":"open","sticky":false,"template":"","format":"standard","meta":{"footnotes":""},"categories":[25],"tags":[1827,129,98,48],"class_list":["post-17483","post","type-post","status-publish","format-standard","has-post-thumbnail","hentry","category-futbol","tag-eren-elmali","tag-galatasaray","tag-trabzonspor","tag-transfer"],"_links":{"self":[{"href":"https:\/\/haberbesiktas.tr\/index.php?rest_route=\/wp\/v2\/posts\/17483","targetHints":{"allow":["GET"]}}],"collection":[{"href":"https:\/\/haberbesiktas.tr\/index.php?rest_route=\/wp\/v2\/posts"}],"about":[{"href":"https:\/\/haberbesiktas.tr\/index.php?rest_route=\/wp\/v2\/types\/post"}],"author":[{"embeddable":true,"href":"https:\/\/haberbesiktas.tr\/index.php?rest_route=\/wp\/v2\/users\/1"}],"replies":[{"embeddable":true,"href":"https:\/\/haberbesiktas.tr\/index.php?rest_route=%2Fwp%2Fv2%2Fcomments&post=17483"}],"version-history":[{"count":1,"href":"https:\/\/haberbesiktas.tr\/index.php?rest_route=\/wp\/v2\/posts\/17483\/revisions"}],"predecessor-version":[{"id":17486,"href":"https:\/\/haberbesiktas.tr\/index.php?rest_route=\/wp\/v2\/posts\/17483\/revisions\/17486"}],"wp:featuredmedia":[{"embeddable":true,"href":"https:\/\/haberbesiktas.tr\/index.php?rest_route=\/wp\/v2\/media\/17484"}],"wp:attachment":[{"href":"https:\/\/haberbesiktas.tr\/index.php?rest_route=%2Fwp%2Fv2%2Fmedia&parent=17483"}],"wp:term":[{"taxonomy":"category","embeddable":true,"href":"https:\/\/haberbesiktas.tr\/index.php?rest_route=%2Fwp%2Fv2%2Fcategories&post=17483"},{"taxonomy":"post_tag","embeddable":true,"href":"https:\/\/haberbesiktas.tr\/index.php?rest_route=%2Fwp%2Fv2%2Ftags&post=17483"}],"curies":[{"name":"wp","href":"https:\/\/api.w.org\/{rel}","templated":true}]}}