{"id":17487,"date":"2025-04-09T08:48:06","date_gmt":"2025-04-09T08:48:06","guid":{"rendered":"https:\/\/haberbesiktas.tr\/?p=17487"},"modified":"2025-04-09T08:48:06","modified_gmt":"2025-04-09T08:48:06","slug":"serkan-ozbalta-musabaka-ile-ilgili-konusmak-istemiyorum","status":"publish","type":"post","link":"https:\/\/haberbesiktas.tr\/?p=17487","title":{"rendered":"Serkan \u00d6zbalta: &#8220;M\u00fcsabaka ile ilgili konu\u015fmak istemiyorum&#8221;"},"content":{"rendered":"<div>Trendyol 1. Lig&#8217;in 24. haftas\u0131nda konuk etti\u011fi Yeni Malatyaspor&#8217;u 2-0 yenen Ahlatc\u0131 \u00c7orum FK&#8217;de teknik y\u00f6netici Serkan \u00d6zbalta, &#8220;Kar\u015f\u0131m\u0131zdaki toplulu\u011fa \u00e7ok \u00f6nemli h\u00fcrmet duyuyoruz.&#8221; dedi.<\/p>\n<p> \u00d6zbalta, ma\u00e7\u0131n akabinde d\u00fczenlenen bas\u0131n toplant\u0131s\u0131nda, duygusal manada g\u00fc\u00e7 bir ma\u00e7a \u00e7\u0131kt\u0131klar\u0131n\u0131 s\u00f6yledi.<\/p>\n<p> Rakip ekibin durumunun herkes taraf\u0131ndan bilindi\u011fini belirten \u00d6zbalta, &#8220;\u00d6ncelikle onlar\u0131 tebrik ediyorum. Gencecik \u00e7ocuklar, ellerinden gelen \u00e7abay\u0131 g\u00f6sterdiler lakin bir yere kadar g\u00f6sterebiliyorlar ligde. Bizim i\u00e7in de oyuncular i\u00e7in de kolay bir m\u00fcsabaka olmuyor. Farkl\u0131 hisler i\u00e7inde \u00e7\u0131k\u0131yorsunuz m\u00fcsabakaya. Bir defa \u00e7ok b\u00fcy\u00fck ihtimalle her futbol ekibinin kazanabilece\u011fi bir kar\u015f\u0131la\u015fma. Malatyaspor&#8217;un bulundu\u011fu durumdan \u00f6t\u00fcr\u00fc kar\u015f\u0131s\u0131ndaki grubun y\u00fczde 100 favori oldu\u011fu m\u00fcsabakalar bunlar. Bu manada kolay de\u011fil fakat bunu ba\u015fard\u0131k, 3 puan\u0131 hanemize yazd\u0131k. Ligin bir haftas\u0131n\u0131 daha geride b\u0131rakt\u0131k. Kar\u015f\u0131la\u015fma ile ilgili birinci sefer bir \u015fey konu\u015fmak istemiyorum.&#8221; diye konu\u015ftu.<\/p>\n<p> Yeni Malatyaspor&#8217;a h\u00fcrmet duyduklar\u0131na dikkati \u00e7eken \u00d6zbalta, \u015funlar\u0131 kaydetti:<\/p>\n<p> &#8220;Bug\u00fcnk\u00fc ma\u00e7 duygusal a\u00e7\u0131dan kolay de\u011fil. \u00c7ok derecede profesyonel olmam\u0131z istenen bir meslek bu. Kar\u015f\u0131m\u0131zdaki toplulu\u011fa \u00e7ok \u00f6nemli h\u00fcrmet duyuyoruz. Bir taraftan da herhalde oyuncular\u0131m da bana benziyor ki onlar da merhametliler. \u00c7\u0131k\u0131p da 6, 7, 8 gol atmad\u0131lar. Ola\u011fanda ligin averaj\u0131 var lakin ma\u00e7 bitti\u011finde ben de bu durumdan raz\u0131y\u0131m. Zira \u00e7ok farkl\u0131 hisler bunlar. \u00c7ok g\u00fc\u00e7 durumda olan bir ekip var kar\u015f\u0131n\u0131zda. Gencecik \u00e7ocuklar var, onlar\u0131n hisleri var. 2 hafta \u00fcst \u00fcste 7 yemi\u015f asl\u0131nda. Bu ma\u00e7 \u00f6ncesi 70 gol yemi\u015fler.&#8221;<\/p>\n<\/div>\n<p><\/p>\n","protected":false},"excerpt":{"rendered":"<p>Trendyol 1. Lig&#8217;in 24. haftas\u0131nda Yeni Malatyaspor ile kar\u015f\u0131la\u015fan ve gayretten 2-0&#8217;l\u0131k galibiyetle ayr\u0131lan \u00c7orum FK&#8217;da teknik y\u00f6netici Serkan \u00d6zbalta, ma\u00e7\u0131n akabinde a\u00e7\u0131klamalarda bulundu.<\/p>\n","protected":false},"author":1,"featured_media":17488,"comment_status":"open","ping_status":"open","sticky":false,"template":"","format":"standard","meta":{"footnotes":""},"categories":[25],"tags":[50],"class_list":["post-17487","post","type-post","status-publish","format-standard","has-post-thumbnail","hentry","category-futbol","tag-mac"],"_links":{"self":[{"href":"https:\/\/haberbesiktas.tr\/index.php?rest_route=\/wp\/v2\/posts\/17487","targetHints":{"allow":["GET"]}}],"collection":[{"href":"https:\/\/haberbesiktas.tr\/index.php?rest_route=\/wp\/v2\/posts"}],"about":[{"href":"https:\/\/haberbesiktas.tr\/index.php?rest_route=\/wp\/v2\/types\/post"}],"author":[{"embeddable":true,"href":"https:\/\/haberbesiktas.tr\/index.php?rest_route=\/wp\/v2\/users\/1"}],"replies":[{"embeddable":true,"href":"https:\/\/haberbesiktas.tr\/index.php?rest_route=%2Fwp%2Fv2%2Fcomments&post=17487"}],"version-history":[{"count":1,"href":"https:\/\/haberbesiktas.tr\/index.php?rest_route=\/wp\/v2\/posts\/17487\/revisions"}],"predecessor-version":[{"id":17489,"href":"https:\/\/haberbesiktas.tr\/index.php?rest_route=\/wp\/v2\/posts\/17487\/revisions\/17489"}],"wp:featuredmedia":[{"embeddable":true,"href":"https:\/\/haberbesiktas.tr\/index.php?rest_route=\/wp\/v2\/media\/17488"}],"wp:attachment":[{"href":"https:\/\/haberbesiktas.tr\/index.php?rest_route=%2Fwp%2Fv2%2Fmedia&parent=17487"}],"wp:term":[{"taxonomy":"category","embeddable":true,"href":"https:\/\/haberbesiktas.tr\/index.php?rest_route=%2Fwp%2Fv2%2Fcategories&post=17487"},{"taxonomy":"post_tag","embeddable":true,"href":"https:\/\/haberbesiktas.tr\/index.php?rest_route=%2Fwp%2Fv2%2Ftags&post=17487"}],"curies":[{"name":"wp","href":"https:\/\/api.w.org\/{rel}","templated":true}]}}