{"id":17490,"date":"2025-04-09T09:00:07","date_gmt":"2025-04-09T09:00:07","guid":{"rendered":"https:\/\/haberbesiktas.tr\/?p=17490"},"modified":"2025-04-09T09:00:07","modified_gmt":"2025-04-09T09:00:07","slug":"murat-uckun-corum-malatya-el-ele","status":"publish","type":"post","link":"https:\/\/haberbesiktas.tr\/?p=17490","title":{"rendered":"Murat U\u00e7kun: &#8220;\u00c7orum-Malatya el ele&#8221;"},"content":{"rendered":"<div>Yeni Malatyaspor Teknik Sorumlusu Murat U\u00e7kun, \u00c7orum FK taraftarlar\u0131n\u0131n kendisine verdi\u011fi, \u00fczerinde, &#8220;\u00c7orum-Malatya el ele&#8221; ve &#8220;6 \u015eubat unutmad\u0131k, unutturmayaca\u011f\u0131z. G\u00fczel geldiniz Malatya&#8221; bi\u00e7imindeki kartonlar\u0131 gazetecilere g\u00f6sterdi.<\/p>\n<p> Ligde 2 hafta \u00fcst \u00fcste zahmetli sonu\u00e7lar ald\u0131klar\u0131n\u0131, hafta i\u00e7i de liglerde aksilikler ya\u015fand\u0131\u011f\u0131n\u0131 anlatan U\u00e7kun, \u015fu s\u00f6zleri kulland\u0131:<\/p>\n<p> &#8220;Futbolcu karde\u015flerimizin onurlu duru\u015fu ve u\u011fra\u015f\u0131, taraftarlar\u0131m\u0131z\u0131n bizi terk etmemesi, bizimle bir arada buralara kadar gelmesi bizim a\u00e7\u0131m\u0131zdan de\u011ferlidir. Bunlardan daha de\u011ferlisi \u00c7orum halk\u0131n\u0131n bize g\u00f6sterdi\u011fi ilgi, hatta iki sevgili karde\u015fim Sevil ve Fatma Nisa&#8217;n\u0131n, &#8216;\u00c7orum-Malatya el ele buraya&#8217; yaz\u0131l\u0131 pankart\u0131, gerisinden &#8216;6 \u015eubat unutmad\u0131k unutmayaca\u011f\u0131z. G\u00fczel geldiniz Malatya&#8217; demesi, futbolun insanlar\u0131 bir ortaya getirdi\u011fi olgu oldu\u011funu burada daha bir daha g\u00f6rd\u00fck. Bu k\u00fc\u00e7\u00fck karde\u015flerimize ve \u00c7orum halk\u0131na te\u015fekk\u00fcr ediyoruz.&#8221;<\/p>\n<\/div>\n<p><\/p>\n","protected":false},"excerpt":{"rendered":"<p>Yeni Malatyaspor Teknik Sorumlusu Murat U\u00e7kun, \u00c7orum FK&#8217;ya 2-0 yenildikleri ma\u00e7 sonras\u0131 konu\u015ftu.<\/p>\n","protected":false},"author":1,"featured_media":17491,"comment_status":"open","ping_status":"open","sticky":false,"template":"","format":"standard","meta":{"footnotes":""},"categories":[25],"tags":[446],"class_list":["post-17490","post","type-post","status-publish","format-standard","has-post-thumbnail","hentry","category-futbol","tag-corum"],"_links":{"self":[{"href":"https:\/\/haberbesiktas.tr\/index.php?rest_route=\/wp\/v2\/posts\/17490","targetHints":{"allow":["GET"]}}],"collection":[{"href":"https:\/\/haberbesiktas.tr\/index.php?rest_route=\/wp\/v2\/posts"}],"about":[{"href":"https:\/\/haberbesiktas.tr\/index.php?rest_route=\/wp\/v2\/types\/post"}],"author":[{"embeddable":true,"href":"https:\/\/haberbesiktas.tr\/index.php?rest_route=\/wp\/v2\/users\/1"}],"replies":[{"embeddable":true,"href":"https:\/\/haberbesiktas.tr\/index.php?rest_route=%2Fwp%2Fv2%2Fcomments&post=17490"}],"version-history":[{"count":1,"href":"https:\/\/haberbesiktas.tr\/index.php?rest_route=\/wp\/v2\/posts\/17490\/revisions"}],"predecessor-version":[{"id":17492,"href":"https:\/\/haberbesiktas.tr\/index.php?rest_route=\/wp\/v2\/posts\/17490\/revisions\/17492"}],"wp:featuredmedia":[{"embeddable":true,"href":"https:\/\/haberbesiktas.tr\/index.php?rest_route=\/wp\/v2\/media\/17491"}],"wp:attachment":[{"href":"https:\/\/haberbesiktas.tr\/index.php?rest_route=%2Fwp%2Fv2%2Fmedia&parent=17490"}],"wp:term":[{"taxonomy":"category","embeddable":true,"href":"https:\/\/haberbesiktas.tr\/index.php?rest_route=%2Fwp%2Fv2%2Fcategories&post=17490"},{"taxonomy":"post_tag","embeddable":true,"href":"https:\/\/haberbesiktas.tr\/index.php?rest_route=%2Fwp%2Fv2%2Ftags&post=17490"}],"curies":[{"name":"wp","href":"https:\/\/api.w.org\/{rel}","templated":true}]}}