{"id":17493,"date":"2025-04-09T09:12:06","date_gmt":"2025-04-09T09:12:06","guid":{"rendered":"https:\/\/haberbesiktas.tr\/?p=17493"},"modified":"2025-04-09T09:12:06","modified_gmt":"2025-04-09T09:12:06","slug":"pendikspor-stelios-kitsiouyu-kadrosuna-katti","status":"publish","type":"post","link":"https:\/\/haberbesiktas.tr\/?p=17493","title":{"rendered":"Pendikspor, Stelios Kitsiou&#8217;yu kadrosuna katt\u0131"},"content":{"rendered":"<div><span><span>Trendyol 1. Lig gruplar\u0131ndan Silta\u015f Yap\u0131 Pendikspor, Yunan futbolcu Stelios Kitsiou&#8217;yu renklerine ba\u011flad\u0131.\u00a0\u00a0<\/span><\/span> Kul\u00fcb\u00fcn toplumsal medya hesab\u0131ndan yapt\u0131\u011f\u0131 a\u00e7\u0131klamada, sportif y\u00f6netici Fazilet \u00d6zgen\u00e7&#8217;in kat\u0131ld\u0131\u011f\u0131 imza merasiminde 31 ya\u015f\u0131ndaki futbolcuyla d\u00f6nem sonuna kadar ge\u00e7erli mukavele imzaland\u0131\u011f\u0131 belirtildi.<\/p>\n<p> Kanat oyuncusu, T\u00fcrkiye&#8217;de daha evvel MKE Ankarag\u00fcc\u00fc ve Gaziantep FK formalar\u0131n\u0131 giymi\u015fti.<\/p>\n<\/div>\n<p><\/p>\n","protected":false},"excerpt":{"rendered":"<p>Trendyol 1. Lig tak\u0131mlar\u0131ndan Silta\u015f Yap\u0131 Pendikspor, Yunan futbolcu Stelios Kitsiou&#8217;yu tak\u0131m\u0131na katt\u0131.<\/p>\n","protected":false},"author":1,"featured_media":17494,"comment_status":"open","ping_status":"open","sticky":false,"template":"","format":"standard","meta":{"footnotes":""},"categories":[25],"tags":[],"class_list":["post-17493","post","type-post","status-publish","format-standard","has-post-thumbnail","hentry","category-futbol"],"_links":{"self":[{"href":"https:\/\/haberbesiktas.tr\/index.php?rest_route=\/wp\/v2\/posts\/17493","targetHints":{"allow":["GET"]}}],"collection":[{"href":"https:\/\/haberbesiktas.tr\/index.php?rest_route=\/wp\/v2\/posts"}],"about":[{"href":"https:\/\/haberbesiktas.tr\/index.php?rest_route=\/wp\/v2\/types\/post"}],"author":[{"embeddable":true,"href":"https:\/\/haberbesiktas.tr\/index.php?rest_route=\/wp\/v2\/users\/1"}],"replies":[{"embeddable":true,"href":"https:\/\/haberbesiktas.tr\/index.php?rest_route=%2Fwp%2Fv2%2Fcomments&post=17493"}],"version-history":[{"count":1,"href":"https:\/\/haberbesiktas.tr\/index.php?rest_route=\/wp\/v2\/posts\/17493\/revisions"}],"predecessor-version":[{"id":17495,"href":"https:\/\/haberbesiktas.tr\/index.php?rest_route=\/wp\/v2\/posts\/17493\/revisions\/17495"}],"wp:featuredmedia":[{"embeddable":true,"href":"https:\/\/haberbesiktas.tr\/index.php?rest_route=\/wp\/v2\/media\/17494"}],"wp:attachment":[{"href":"https:\/\/haberbesiktas.tr\/index.php?rest_route=%2Fwp%2Fv2%2Fmedia&parent=17493"}],"wp:term":[{"taxonomy":"category","embeddable":true,"href":"https:\/\/haberbesiktas.tr\/index.php?rest_route=%2Fwp%2Fv2%2Fcategories&post=17493"},{"taxonomy":"post_tag","embeddable":true,"href":"https:\/\/haberbesiktas.tr\/index.php?rest_route=%2Fwp%2Fv2%2Ftags&post=17493"}],"curies":[{"name":"wp","href":"https:\/\/api.w.org\/{rel}","templated":true}]}}