{"id":17505,"date":"2025-04-09T10:00:06","date_gmt":"2025-04-09T10:00:06","guid":{"rendered":"https:\/\/haberbesiktas.tr\/?p=17505"},"modified":"2025-04-09T10:00:06","modified_gmt":"2025-04-09T10:00:06","slug":"mke-ankaragucu-ozgur-aktasi-transfer-etti","status":"publish","type":"post","link":"https:\/\/haberbesiktas.tr\/?p=17505","title":{"rendered":"MKE Ankarag\u00fcc\u00fc, \u00d6zg\u00fcr Akta\u015f&#8217;\u0131 transfer etti"},"content":{"rendered":"<div><span><span>Trendyol 1. Lig tak\u0131m\u0131 MKE Ankarag\u00fcc\u00fc, Hollanda&#8217;n\u0131n MVV Maastricht grubundan stoper \u00d6zg\u00fcr Akta\u015f&#8217;\u0131 renklerine ba\u011flad\u0131.\u00a0<\/span><\/span> Ba\u015f\u015fehir grubundan yap\u0131lan a\u00e7\u0131klamada, &#8220;Kul\u00fcb\u00fcm\u00fcz profesyonel futbolcu \u00d6zg\u00fcr Akta\u015f&#8217;\u0131n kesin transferi konusunda MVV Maastricht Kul\u00fcb\u00fc ile muahedeye varm\u0131\u015ft\u0131r. \u00d6zg\u00fcr Akta\u015f ile 2,5 y\u0131ll\u0131k kontrat imzalanm\u0131\u015ft\u0131r.&#8221; tabirleri kullan\u0131ld\u0131.<\/p>\n<p> Hollanda do\u011fumlu 28 ya\u015f\u0131ndaki futbolcu, JVC Cuijk ve Vitesse altyap\u0131s\u0131ndan yeti\u015fti. \u00d6zg\u00fcr Akta\u015f daha sonra Vitesse, Fortuna Sittard, FC Dordrecht, Telstar ve MVV Maastricht ekiplerinde forma giydi.<\/p>\n<\/div>\n<p><\/p>\n","protected":false},"excerpt":{"rendered":"<p>Trendyol 1. Lig tak\u0131m\u0131 MKE Ankarag\u00fcc\u00fc, Hollanda&#8217;n\u0131n MVV Maastricht tak\u0131m\u0131ndan stoper \u00d6zg\u00fcr Akta\u015f&#8217;\u0131 transfer etti.<\/p>\n","protected":false},"author":1,"featured_media":17506,"comment_status":"open","ping_status":"open","sticky":false,"template":"","format":"standard","meta":{"footnotes":""},"categories":[25],"tags":[],"class_list":["post-17505","post","type-post","status-publish","format-standard","has-post-thumbnail","hentry","category-futbol"],"_links":{"self":[{"href":"https:\/\/haberbesiktas.tr\/index.php?rest_route=\/wp\/v2\/posts\/17505","targetHints":{"allow":["GET"]}}],"collection":[{"href":"https:\/\/haberbesiktas.tr\/index.php?rest_route=\/wp\/v2\/posts"}],"about":[{"href":"https:\/\/haberbesiktas.tr\/index.php?rest_route=\/wp\/v2\/types\/post"}],"author":[{"embeddable":true,"href":"https:\/\/haberbesiktas.tr\/index.php?rest_route=\/wp\/v2\/users\/1"}],"replies":[{"embeddable":true,"href":"https:\/\/haberbesiktas.tr\/index.php?rest_route=%2Fwp%2Fv2%2Fcomments&post=17505"}],"version-history":[{"count":1,"href":"https:\/\/haberbesiktas.tr\/index.php?rest_route=\/wp\/v2\/posts\/17505\/revisions"}],"predecessor-version":[{"id":17507,"href":"https:\/\/haberbesiktas.tr\/index.php?rest_route=\/wp\/v2\/posts\/17505\/revisions\/17507"}],"wp:featuredmedia":[{"embeddable":true,"href":"https:\/\/haberbesiktas.tr\/index.php?rest_route=\/wp\/v2\/media\/17506"}],"wp:attachment":[{"href":"https:\/\/haberbesiktas.tr\/index.php?rest_route=%2Fwp%2Fv2%2Fmedia&parent=17505"}],"wp:term":[{"taxonomy":"category","embeddable":true,"href":"https:\/\/haberbesiktas.tr\/index.php?rest_route=%2Fwp%2Fv2%2Fcategories&post=17505"},{"taxonomy":"post_tag","embeddable":true,"href":"https:\/\/haberbesiktas.tr\/index.php?rest_route=%2Fwp%2Fv2%2Ftags&post=17505"}],"curies":[{"name":"wp","href":"https:\/\/api.w.org\/{rel}","templated":true}]}}