{"id":17511,"date":"2025-04-09T10:24:07","date_gmt":"2025-04-09T10:24:07","guid":{"rendered":"https:\/\/haberbesiktas.tr\/?p=17511"},"modified":"2025-04-09T10:24:07","modified_gmt":"2025-04-09T10:24:07","slug":"fenerbahce-beko-turkiye-kupasi-yari-finalinde-galatasaray-ile-eslesti","status":"publish","type":"post","link":"https:\/\/haberbesiktas.tr\/?p=17511","title":{"rendered":"Fenerbah\u00e7e Beko, T\u00fcrkiye Kupas\u0131 yar\u0131 finalinde Galatasaray ile e\u015fle\u015fti!"},"content":{"rendered":"<div>ING T\u00fcrkiye Kupas\u0131 \u00c7eyrek Final e\u015fle\u015fmesinde Fenerbah\u00e7e Beko ile Bah\u00e7e\u015fehir Koleji kar\u015f\u0131 kar\u015f\u0131ya geldi.<\/p>\n<p> Fenerbah\u00e7e, Bah\u00e7e\u015fehir Koleji&#8217;ni 87-56&#8217;l\u0131k skorla ma\u011flup ederek ING T\u00fcrkiye Kupas\u0131&#8217;nda ismini yar\u0131 finale yazd\u0131rd\u0131.<\/p>\n<p> Fenerbah\u00e7e Beko, ING T\u00fcrkiye Kupas\u0131 Yar\u0131 Final ma\u00e7\u0131nda Galatasaray ile kar\u015f\u0131 kar\u015f\u0131ya gelecek!<\/p>\n<p>DETAYLAR B\u0130RAZDAN&#8230;<\/p>\n<\/div>\n<p><\/p>\n","protected":false},"excerpt":{"rendered":"<p>Fenerbah\u00e7e, Bah\u00e7e\u015fehir Koleji&#8217;ni 87-56&#8217;l\u0131k skorla ma\u011flup ederek ING T\u00fcrkiye Kupas\u0131&#8217;nda ismini yar\u0131 finale yazd\u0131rd\u0131.<\/p>\n","protected":false},"author":1,"featured_media":17512,"comment_status":"open","ping_status":"open","sticky":false,"template":"","format":"standard","meta":{"footnotes":""},"categories":[10],"tags":[],"class_list":["post-17511","post","type-post","status-publish","format-standard","has-post-thumbnail","hentry","category-basketbol"],"_links":{"self":[{"href":"https:\/\/haberbesiktas.tr\/index.php?rest_route=\/wp\/v2\/posts\/17511","targetHints":{"allow":["GET"]}}],"collection":[{"href":"https:\/\/haberbesiktas.tr\/index.php?rest_route=\/wp\/v2\/posts"}],"about":[{"href":"https:\/\/haberbesiktas.tr\/index.php?rest_route=\/wp\/v2\/types\/post"}],"author":[{"embeddable":true,"href":"https:\/\/haberbesiktas.tr\/index.php?rest_route=\/wp\/v2\/users\/1"}],"replies":[{"embeddable":true,"href":"https:\/\/haberbesiktas.tr\/index.php?rest_route=%2Fwp%2Fv2%2Fcomments&post=17511"}],"version-history":[{"count":1,"href":"https:\/\/haberbesiktas.tr\/index.php?rest_route=\/wp\/v2\/posts\/17511\/revisions"}],"predecessor-version":[{"id":17513,"href":"https:\/\/haberbesiktas.tr\/index.php?rest_route=\/wp\/v2\/posts\/17511\/revisions\/17513"}],"wp:featuredmedia":[{"embeddable":true,"href":"https:\/\/haberbesiktas.tr\/index.php?rest_route=\/wp\/v2\/media\/17512"}],"wp:attachment":[{"href":"https:\/\/haberbesiktas.tr\/index.php?rest_route=%2Fwp%2Fv2%2Fmedia&parent=17511"}],"wp:term":[{"taxonomy":"category","embeddable":true,"href":"https:\/\/haberbesiktas.tr\/index.php?rest_route=%2Fwp%2Fv2%2Fcategories&post=17511"},{"taxonomy":"post_tag","embeddable":true,"href":"https:\/\/haberbesiktas.tr\/index.php?rest_route=%2Fwp%2Fv2%2Ftags&post=17511"}],"curies":[{"name":"wp","href":"https:\/\/api.w.org\/{rel}","templated":true}]}}