{"id":17558,"date":"2025-04-09T13:24:08","date_gmt":"2025-04-09T13:24:08","guid":{"rendered":"https:\/\/haberbesiktas.tr\/?p=17558"},"modified":"2025-04-09T13:24:08","modified_gmt":"2025-04-09T13:24:08","slug":"anderlecht-maci-oncesi-fenerbahceye-mujde","status":"publish","type":"post","link":"https:\/\/haberbesiktas.tr\/?p=17558","title":{"rendered":"Anderlecht ma\u00e7\u0131 \u00f6ncesi Fenerbah\u00e7e&#8217;ye m\u00fcjde!"},"content":{"rendered":"<div>Omzundan sakatl\u0131k ya\u015fayan Mert M\u00fcld\u00fcr ile Erzurum FK ile oynanan Ziraat T\u00fcrkiye Kupas\u0131 ma\u00e7\u0131nda sakatlanan Yusuf Ak\u00e7i\u00e7ek&#8217;ten m\u00fcjdeli haber geldi. Hafta i\u00e7inde d\u00fcz ko\u015fulara ba\u015flayan Mert M\u00fcld\u00fcr, sal\u0131 g\u00fcn\u00fc kadroya birlikte \u00e7al\u0131\u015ft\u0131. Sakatl\u0131\u011f\u0131n\u0131 atlatan Yusuf Ak\u00e7i\u00e7ek de ekibe kat\u0131lan bir \u00f6b\u00fcr isimdi. <\/p>\n<p>Bu iki oyuncunun g\u00fczelle\u015fmesiyle birlikte Jose Mourinho&#8217;nun y\u00fcz\u00fcnde g\u00fcller a\u00e7t\u0131. Portekizli teknik adam, iki oyuncuyu da per\u015fembe g\u00fcn\u00fc oynanacak olan Anderlecht ma\u00e7\u0131n\u0131n tak\u0131m\u0131na alacak. <\/p>\n<p>Mourinho&#8217;nun b\u00fcy\u00fck bir aksilik olmamas\u0131 halinde iki oyuncuyu da birinci 11&#8217;de oynatmas\u0131 bekleniyor. Mourinho, Mert&#8217;i vakit zaman \u00fc\u00e7l\u00fc stoperin sa\u011f\u0131nda g\u00f6revlendirmi\u015fti. Bu m\u00fcsabakada da Mert t\u0131pk\u0131 bi\u00e7imde alanda olacak.<\/p><\/div>\n<p><\/p>\n","protected":false},"excerpt":{"rendered":"<p>Fenerbah\u00e7e&#8217;de sakatl\u0131klar\u0131 ge\u00e7en Mert M\u00fcld\u00fcr ile Yusuf Ak\u00e7i\u00e7ek sal\u0131 g\u00fcn\u00fc kadroyla birlikte \u00e7al\u0131\u015ft\u0131. Jose&#8217;nin eli Anderlecht ma\u00e7\u0131 \u00f6ncesinde rahatlad\u0131<\/p>\n","protected":false},"author":1,"featured_media":17559,"comment_status":"open","ping_status":"open","sticky":false,"template":"","format":"standard","meta":{"footnotes":""},"categories":[25],"tags":[],"class_list":["post-17558","post","type-post","status-publish","format-standard","has-post-thumbnail","hentry","category-futbol"],"_links":{"self":[{"href":"https:\/\/haberbesiktas.tr\/index.php?rest_route=\/wp\/v2\/posts\/17558","targetHints":{"allow":["GET"]}}],"collection":[{"href":"https:\/\/haberbesiktas.tr\/index.php?rest_route=\/wp\/v2\/posts"}],"about":[{"href":"https:\/\/haberbesiktas.tr\/index.php?rest_route=\/wp\/v2\/types\/post"}],"author":[{"embeddable":true,"href":"https:\/\/haberbesiktas.tr\/index.php?rest_route=\/wp\/v2\/users\/1"}],"replies":[{"embeddable":true,"href":"https:\/\/haberbesiktas.tr\/index.php?rest_route=%2Fwp%2Fv2%2Fcomments&post=17558"}],"version-history":[{"count":1,"href":"https:\/\/haberbesiktas.tr\/index.php?rest_route=\/wp\/v2\/posts\/17558\/revisions"}],"predecessor-version":[{"id":17560,"href":"https:\/\/haberbesiktas.tr\/index.php?rest_route=\/wp\/v2\/posts\/17558\/revisions\/17560"}],"wp:featuredmedia":[{"embeddable":true,"href":"https:\/\/haberbesiktas.tr\/index.php?rest_route=\/wp\/v2\/media\/17559"}],"wp:attachment":[{"href":"https:\/\/haberbesiktas.tr\/index.php?rest_route=%2Fwp%2Fv2%2Fmedia&parent=17558"}],"wp:term":[{"taxonomy":"category","embeddable":true,"href":"https:\/\/haberbesiktas.tr\/index.php?rest_route=%2Fwp%2Fv2%2Fcategories&post=17558"},{"taxonomy":"post_tag","embeddable":true,"href":"https:\/\/haberbesiktas.tr\/index.php?rest_route=%2Fwp%2Fv2%2Ftags&post=17558"}],"curies":[{"name":"wp","href":"https:\/\/api.w.org\/{rel}","templated":true}]}}