{"id":17591,"date":"2025-04-09T15:36:06","date_gmt":"2025-04-09T15:36:06","guid":{"rendered":"https:\/\/haberbesiktas.tr\/?p=17591"},"modified":"2025-04-09T15:36:06","modified_gmt":"2025-04-09T15:36:06","slug":"paulista-icin-brezilyadan-talip-var","status":"publish","type":"post","link":"https:\/\/haberbesiktas.tr\/?p=17591","title":{"rendered":"Paulista i\u00e7in Brezilya&#8217;dan talip var!"},"content":{"rendered":"<div>Sezon ba\u015f\u0131nda Atletico Madrid&#8217;den bedelsiz olarak transfer edilen Gabriel Paulista \u00fcst \u00fcste ya\u015fad\u0131\u011f\u0131 sakatl\u0131klar nedeniyle bekleneni veremedi. <\/p>\n<p>Son olarak Maccabi Tel Aviv ma\u00e7\u0131nda ya\u015fad\u0131\u011f\u0131 tendon sakatl\u0131\u011f\u0131 nedeniyle ma\u00e7\u0131n 20. dakikas\u0131nda oyundan al\u0131nan ve bir ay daha kadrodan ba\u015fka kalmas\u0131 beklenen Brezilyal\u0131 stoper g\u00f6zden d\u00fc\u015ft\u00fc.<\/p>\n<p> D\u00f6nem sonunda yollar\u0131n ayr\u0131lmas\u0131 beklenen 34 ya\u015f\u0131ndaki oyuncunun Brezilya tak\u0131m\u0131 Corinthians ile g\u00f6r\u00fc\u015ft\u00fc\u011f\u00fc tez ediliyor.<\/p>\n<p> <strong>PERFORMANSI<\/strong><\/p>\n<p> Bu d\u00f6nem Be\u015fikta\u015f formas\u0131yla 16 ma\u00e7a \u00e7\u0131kan Gabriel Paulista, 1 gol 1 asistlik performans sergiledi.<\/p>\n<\/div>\n<p><\/p>\n","protected":false},"excerpt":{"rendered":"<p>D\u00f6nem sonunda yollar\u0131n ayr\u0131lmas\u0131 beklenen 34 ya\u015f\u0131ndaki oyuncunun Brezilya tak\u0131m\u0131 Corinthians ile g\u00f6r\u00fc\u015ft\u00fc\u011f\u00fc sav ediliyor.<\/p>\n","protected":false},"author":1,"featured_media":17592,"comment_status":"open","ping_status":"open","sticky":false,"template":"","format":"standard","meta":{"footnotes":""},"categories":[25],"tags":[],"class_list":["post-17591","post","type-post","status-publish","format-standard","has-post-thumbnail","hentry","category-futbol"],"_links":{"self":[{"href":"https:\/\/haberbesiktas.tr\/index.php?rest_route=\/wp\/v2\/posts\/17591","targetHints":{"allow":["GET"]}}],"collection":[{"href":"https:\/\/haberbesiktas.tr\/index.php?rest_route=\/wp\/v2\/posts"}],"about":[{"href":"https:\/\/haberbesiktas.tr\/index.php?rest_route=\/wp\/v2\/types\/post"}],"author":[{"embeddable":true,"href":"https:\/\/haberbesiktas.tr\/index.php?rest_route=\/wp\/v2\/users\/1"}],"replies":[{"embeddable":true,"href":"https:\/\/haberbesiktas.tr\/index.php?rest_route=%2Fwp%2Fv2%2Fcomments&post=17591"}],"version-history":[{"count":1,"href":"https:\/\/haberbesiktas.tr\/index.php?rest_route=\/wp\/v2\/posts\/17591\/revisions"}],"predecessor-version":[{"id":17593,"href":"https:\/\/haberbesiktas.tr\/index.php?rest_route=\/wp\/v2\/posts\/17591\/revisions\/17593"}],"wp:featuredmedia":[{"embeddable":true,"href":"https:\/\/haberbesiktas.tr\/index.php?rest_route=\/wp\/v2\/media\/17592"}],"wp:attachment":[{"href":"https:\/\/haberbesiktas.tr\/index.php?rest_route=%2Fwp%2Fv2%2Fmedia&parent=17591"}],"wp:term":[{"taxonomy":"category","embeddable":true,"href":"https:\/\/haberbesiktas.tr\/index.php?rest_route=%2Fwp%2Fv2%2Fcategories&post=17591"},{"taxonomy":"post_tag","embeddable":true,"href":"https:\/\/haberbesiktas.tr\/index.php?rest_route=%2Fwp%2Fv2%2Ftags&post=17591"}],"curies":[{"name":"wp","href":"https:\/\/api.w.org\/{rel}","templated":true}]}}