{"id":17608,"date":"2025-04-09T16:36:07","date_gmt":"2025-04-09T16:36:07","guid":{"rendered":"https:\/\/haberbesiktas.tr\/?p=17608"},"modified":"2025-04-09T16:36:07","modified_gmt":"2025-04-09T16:36:07","slug":"ismail-jakobs-yine-yok","status":"publish","type":"post","link":"https:\/\/haberbesiktas.tr\/?p=17608","title":{"rendered":"Ismail Jakobs yine yok"},"content":{"rendered":"<div>Galatasaray&#8217;\u0131n Senegalli sol beki Ismail Jakobs, per\u015fembe g\u00fcn\u00fc AZ Alkmaar ile deplasmanda oynanacak UEFA Avrupa Ligi play-off tipi birinci ma\u00e7\u0131nda forma giymeyecek.<\/p>\n<p> 25 ya\u015f\u0131ndaki futbolcu, a\u015fil tendonundaki sakatl\u0131k nedeniyle 30 Ocak&#8217;ta oynanan Ajax, Muhte\u015fem Lig&#8217;deki Gaziantep FK ve Adana Demirspor, kupadaki Bolu ma\u00e7\u0131nda da forma giymemi\u015fti.<\/p>\n<p> 25 ya\u015f\u0131ndaki Jakobs, Galatasaray formas\u0131yla 12 lig, 1 Avrupa, 1 kupa olmak \u00fczere 16 ma\u00e7a \u00e7\u0131kt\u0131 ve 1 asist yapt\u0131.\u00a0<\/p>\n<p>Jakobs, AZ Alkmaar ma\u00e7\u0131yla birlikte Galatasaray&#8217;da 13. ma\u00e7\u0131n\u0131 ka\u00e7\u0131rm\u0131\u015f olacak.\u00a0<\/p>\n<div>\u00a0<\/div>\n<\/div>\n<p><\/p>\n","protected":false},"excerpt":{"rendered":"<p>Galatasaray&#8217;\u0131n Senegalli sol beki Jakobs, AZ Alkmaar ma\u00e7\u0131nda forma giyemeyecek.<\/p>\n","protected":false},"author":1,"featured_media":17609,"comment_status":"open","ping_status":"open","sticky":false,"template":"","format":"standard","meta":{"footnotes":""},"categories":[25],"tags":[],"class_list":["post-17608","post","type-post","status-publish","format-standard","has-post-thumbnail","hentry","category-futbol"],"_links":{"self":[{"href":"https:\/\/haberbesiktas.tr\/index.php?rest_route=\/wp\/v2\/posts\/17608","targetHints":{"allow":["GET"]}}],"collection":[{"href":"https:\/\/haberbesiktas.tr\/index.php?rest_route=\/wp\/v2\/posts"}],"about":[{"href":"https:\/\/haberbesiktas.tr\/index.php?rest_route=\/wp\/v2\/types\/post"}],"author":[{"embeddable":true,"href":"https:\/\/haberbesiktas.tr\/index.php?rest_route=\/wp\/v2\/users\/1"}],"replies":[{"embeddable":true,"href":"https:\/\/haberbesiktas.tr\/index.php?rest_route=%2Fwp%2Fv2%2Fcomments&post=17608"}],"version-history":[{"count":1,"href":"https:\/\/haberbesiktas.tr\/index.php?rest_route=\/wp\/v2\/posts\/17608\/revisions"}],"predecessor-version":[{"id":17610,"href":"https:\/\/haberbesiktas.tr\/index.php?rest_route=\/wp\/v2\/posts\/17608\/revisions\/17610"}],"wp:featuredmedia":[{"embeddable":true,"href":"https:\/\/haberbesiktas.tr\/index.php?rest_route=\/wp\/v2\/media\/17609"}],"wp:attachment":[{"href":"https:\/\/haberbesiktas.tr\/index.php?rest_route=%2Fwp%2Fv2%2Fmedia&parent=17608"}],"wp:term":[{"taxonomy":"category","embeddable":true,"href":"https:\/\/haberbesiktas.tr\/index.php?rest_route=%2Fwp%2Fv2%2Fcategories&post=17608"},{"taxonomy":"post_tag","embeddable":true,"href":"https:\/\/haberbesiktas.tr\/index.php?rest_route=%2Fwp%2Fv2%2Ftags&post=17608"}],"curies":[{"name":"wp","href":"https:\/\/api.w.org\/{rel}","templated":true}]}}