{"id":17611,"date":"2025-04-09T16:48:06","date_gmt":"2025-04-09T16:48:06","guid":{"rendered":"https:\/\/haberbesiktas.tr\/?p=17611"},"modified":"2025-04-09T16:48:06","modified_gmt":"2025-04-09T16:48:06","slug":"mourinho-avrupada-final-istiyor","status":"publish","type":"post","link":"https:\/\/haberbesiktas.tr\/?p=17611","title":{"rendered":"Mourinho Avrupa&#8217;da final istiyor"},"content":{"rendered":"<div>Lig as\u0327amas\u0131 geride kald\u0131g\u0306\u0131nda ortaya c\u0327\u0131kan tablo, Jose Mourinho&#8217;nun genlerindeki Avrupa maksad\u0131n\u0131 ortaya c\u0327\u0131kard\u0131. <\/p>\n<p>S\u0327ampiyonlar Ligi, UEFA Kupas\u0131 ve Konferans Ligi&#8217;nde kupa kald\u0131ran tek teknik adam olan Mourinho, Fenerbah\u00e7e&#8217;de de hayaller kurmaya bas\u0327lad\u0131.<\/p>\n<p> <strong>&#8220;KONSANTRASYONU BOZULUR&#8221;<\/strong><\/p>\n<p> Son 16 play-off cinsinde Anderlecht ile es\u0327les\u0327en sar\u0131-lacivertlilerin, sonras\u0131ndaki fikstu\u0308ru\u0308 du\u0308nyaca u\u0308nlu\u0308 c\u0327al\u0131s\u0327t\u0131r\u0131c\u0131ya, &#8220;Final oynayabiliriz&#8221; dedirtti.<\/p>\n<p> Bu kulvarda en gu\u0308c\u0327lu\u0308 tak\u0131m\u0131yla devam etmek isteyen Jose Mourinho, Osayi Samuel&#8217;in Fulham&#8217;a transferine m\u00fcsaade vermedi. Nijeryal\u0131 sag\u0306 bekin TFF&#8217;ye bildirilecek tak\u0131mda olmama ihtimalini de &#8216;konsantrasyonu bozulur&#8217; diyerek reddetti.<\/p>\n<p> <strong>ROMA&#8217;DA BUNU BAS\u0327ARDI<\/strong><\/p>\n<p> UEFA Avrupa Ligi&#8217;ni c\u0327ok o\u0308nemseyen Mourinho eg\u0306er bu gayesini gerc\u0327ekles\u0327tirirse Fenerbahc\u0327e tarihine ismini alt\u0131n harflerle yazd\u0131racak. Mesle\u011finde o\u0308nemli zaferler olan Mourinho, Fenerbah\u00e7e&#8217;den evvelki son kulu\u0308bu\u0308 olan Roma&#8217;y\u0131 Konferans Ligi&#8217;nde memnun sona ulas\u0327t\u0131rm\u0131s\u0327t\u0131.<\/p>\n<\/div>\n<p><\/p>\n","protected":false},"excerpt":{"rendered":"<p>UEFA Avrupa Ligi&#8217;ndeki yol haritas\u0131n\u0131n belirlenmesiyle is\u0327tah\u0131 kabaran Jose Mourinho, bu kulvarda en gu\u0308c\u0327lu\u0308 tak\u0131m\u0131yla devam etmek ic\u0327in yerine isim yazamayacag\u0306\u0131 Osayi Samuel&#8217;in gidis\u0327ine dahi m\u00fcsaade vermedi.<\/p>\n","protected":false},"author":1,"featured_media":17612,"comment_status":"open","ping_status":"open","sticky":false,"template":"","format":"standard","meta":{"footnotes":""},"categories":[25],"tags":[51,704],"class_list":["post-17611","post","type-post","status-publish","format-standard","has-post-thumbnail","hentry","category-futbol","tag-lig","tag-mourinho"],"_links":{"self":[{"href":"https:\/\/haberbesiktas.tr\/index.php?rest_route=\/wp\/v2\/posts\/17611","targetHints":{"allow":["GET"]}}],"collection":[{"href":"https:\/\/haberbesiktas.tr\/index.php?rest_route=\/wp\/v2\/posts"}],"about":[{"href":"https:\/\/haberbesiktas.tr\/index.php?rest_route=\/wp\/v2\/types\/post"}],"author":[{"embeddable":true,"href":"https:\/\/haberbesiktas.tr\/index.php?rest_route=\/wp\/v2\/users\/1"}],"replies":[{"embeddable":true,"href":"https:\/\/haberbesiktas.tr\/index.php?rest_route=%2Fwp%2Fv2%2Fcomments&post=17611"}],"version-history":[{"count":1,"href":"https:\/\/haberbesiktas.tr\/index.php?rest_route=\/wp\/v2\/posts\/17611\/revisions"}],"predecessor-version":[{"id":17613,"href":"https:\/\/haberbesiktas.tr\/index.php?rest_route=\/wp\/v2\/posts\/17611\/revisions\/17613"}],"wp:featuredmedia":[{"embeddable":true,"href":"https:\/\/haberbesiktas.tr\/index.php?rest_route=\/wp\/v2\/media\/17612"}],"wp:attachment":[{"href":"https:\/\/haberbesiktas.tr\/index.php?rest_route=%2Fwp%2Fv2%2Fmedia&parent=17611"}],"wp:term":[{"taxonomy":"category","embeddable":true,"href":"https:\/\/haberbesiktas.tr\/index.php?rest_route=%2Fwp%2Fv2%2Fcategories&post=17611"},{"taxonomy":"post_tag","embeddable":true,"href":"https:\/\/haberbesiktas.tr\/index.php?rest_route=%2Fwp%2Fv2%2Ftags&post=17611"}],"curies":[{"name":"wp","href":"https:\/\/api.w.org\/{rel}","templated":true}]}}