{"id":17625,"date":"2025-04-09T17:24:07","date_gmt":"2025-04-09T17:24:07","guid":{"rendered":"https:\/\/haberbesiktas.tr\/?p=17625"},"modified":"2025-04-09T17:24:07","modified_gmt":"2025-04-09T17:24:07","slug":"uefa-sampiyonlar-liginde-heyecan-suruyor","status":"publish","type":"post","link":"https:\/\/haberbesiktas.tr\/?p=17625","title":{"rendered":"UEFA \u015eampiyonlar Ligi&#8217;nde heyecan s\u00fcr\u00fcyor"},"content":{"rendered":"<div>UEFA \u015eampiyonlar Ligi Eleme \u00c7e\u015fidi Play-Off heyecan\u0131 bug\u00fcn oynanacak d\u00f6rt gayretle devam edecek.<\/p>\n<p> \u0130\u015fte bu ak\u015fam oynanacak ma\u00e7lar \u00f6ncesi son geli\u015fmeler, a\u00e7\u0131klamalar ve m\u00fcmk\u00fcn 11&#8217;ler&#8230;\u00a0<strong>Ma\u00e7lar\u0131n TV program\u0131 i\u00e7in t\u0131klay\u0131n\u0131z.<\/strong><\/p>\n<p> <span><span><strong><span>SPORX KULLANCILARINA \u00d6ZEL 800 TL&#8217;YE VARAN BONUS! \u00c7ABUCAK KUPON YAPMAK \u0130\u00c7\u0130N TIKLA!<\/span><br \/><\/strong><\/span><strong><br \/><img decoding=\"async\" src=\"https:\/\/haberbesiktas.tr\/wp-content\/uploads\/2025\/04\/uefa-sampiyonlar-liginde-heyecan-suruyor-0-TAwVVl8k.jpg\"\/><\/strong><\/span><\/p>\n<p> <span><strong>20.45 CLUB BRUGGE &#8211; ATALANTA<\/strong><\/span><\/p>\n<p> <em><strong>Lig Basama\u011f\u0131 Performanslar\u0131<\/strong><\/em><\/p>\n<p> <strong>Club Brugge<\/strong>: 3 Galibiyet, 2 Beraberlik ile 24&#8217;\u00fcnc\u00fc<\/p>\n<p> <strong>Atalanta<\/strong>: 4 Galibiyet, 3 Beraberlik ile 9&#8217;uncu<\/p>\n<p> 8. haftada Manchester City kar\u015f\u0131s\u0131nda al\u0131nan 3-1&#8217;lik ma\u011flubiyete kar\u015f\u0131n Club Brugge eleme kademesine zafer hissiyle giriyor. Teknik y\u00f6netici Nicky Hayen, &#8220;Lig etab\u0131nda g\u00f6sterdi\u011fimiz performanstan gurur duyabiliriz, tipi ge\u00e7ti\u011fimiz i\u00e7in memnunuz ve h\u0131rs\u0131m\u0131z\u0131 koruyoruz&#8221; dedi. Manchester&#8217;daki ma\u011flubiyete gelince, 44 ya\u015f\u0131ndaki Bel\u00e7ikal\u0131 teknik adam, bunun \u00f6\u011fretici olmas\u0131n\u0131 umuyor. &#8220;Yapt\u0131\u011f\u0131m\u0131z yan\u0131lg\u0131lar ve bunlar\u0131n an\u0131nda nas\u0131l cezaland\u0131r\u0131ld\u0131\u011f\u0131 konusunda da uygun bir ders olabilir&#8221; dedi.<\/p>\n<p> Eleme evresi yolunda yaln\u0131zca bir defa ma\u011flup olan Atalanta, lig evresi s\u0131ras\u0131nda g\u00fc\u00e7l\u00fc bir rakip oldu\u011funu kan\u0131tlad\u0131. Gian Piero Gasperini&#8217;nin ekibi, 5 farkla iki galibiyet ald\u0131 ve 8. haftada ikinci s\u0131radaki Barcelona ile 2-2 berabere kalarak rakip teknik y\u00f6netici Hansi Flick&#8217;i kalitelerinden emin b\u0131rakt\u0131. &#8220;Harika bir ideolojiye sahip \u00e7ok d\u00fczg\u00fcn bir grupla oynad\u0131k&#8221; dedi.<\/p>\n<p> <em>* Club Brugge UEFA kul\u00fcp kar\u015f\u0131la\u015fmalar\u0131nda bir \u0130talyan grubunu en son Ekim 2003&#8217;te ma\u011flup etti ve o tarihten bu yana oynad\u0131\u011f\u0131 15 ma\u00e7ta galibiyet alamad\u0131 (6 Beraberlik, 9 Ma\u011flubiyet)<\/em><\/p>\n<p> <strong>MUHTEMEL 11&#8217;LER<\/strong><\/p>\n<p> <strong>Club Brugge:<\/strong> Mignolet; Seys, Ordonez, Mechele, De Cuyper; Onyedika, Jashari, Vanaken; Talbi, Tzolis; Jutgla<\/p>\n<p> <strong>Atalanta<\/strong>: Rui Patr\u00edcio; Posch, Hien, Djimsiti; Bellanova, De Roon, Ederson, Ruggeri; Pasalic; De Ketelaere, Retegui<\/p>\n<p> <span><strong>23.00 MONACO &#8211; BENFICA<\/strong><\/span><\/p>\n<p> <strong>Lig Evresi Performanslar\u0131<\/strong><\/p>\n<p> <strong>Monaco<\/strong>: 4 Galibiyet, 1 Beraberlik ile 17&#8217;inci<\/p>\n<p> <strong>Benfica<\/strong>: 4 Galibiyet, 1 Beraberlik ile 16&#8217;\u0131nc\u0131<\/p>\n<p> Benfica, Monaco deplasman\u0131na \u00e7\u0131karken 5. haftada elde etti\u011fi 3-2&#8217;lik heyecan verici galibiyetin an\u0131lar\u0131 hala taze. Arthur Cabral ve Zeki Amdouni&#8217;nin son dakikalarda gelen golleri, her ikisi de Angel Di Mar\u00eda&#8217;n\u0131n asistiyle, Kas\u0131m ay\u0131ndaki o geri d\u00f6n\u00fc\u015f zaferine ilham verdi ve teknik y\u00f6netici Bruno Lage oyuncular\u0131n\u0131n &#8220;\u00e7ok duygusal bir ma\u00e7ta&#8221; verdi\u011fi yans\u0131y\u0131 \u00f6vd\u00fc. Benfica&#8217;n\u0131n 8. haftada Juventus kar\u015f\u0131s\u0131nda kazand\u0131\u011f\u0131 kritik zaferden de birebir bi\u00e7imde \u015fad olan Lage, &#8220;\u00e7ok g\u00fc\u00e7l\u00fc bir ekibe kar\u015f\u0131 hak edilmi\u015f bir galibiyet&#8221; olarak k\u0131ymetlendirdi.<\/p>\n<p> Wilfried Singo&#8217;nun ikinci yar\u0131da oyundan at\u0131lmas\u0131n\u0131n akabinde 10 ki\u015fi kalan Monaco, Benfica kar\u015f\u0131snda lig etab\u0131nda ald\u0131\u011f\u0131 yenilgisi, birinci sekizi bitiren Aston Villa ve Barcelona kar\u015f\u0131s\u0131nda al\u0131nan galibiyetleri de i\u00e7eren lig basama\u011f\u0131 performans\u0131nda ka\u00e7\u0131r\u0131lm\u0131\u015f bir f\u0131rsat olarak k\u0131ymetlendirecek. &#8220;Forvet oyuncusu Folarin Balogun ma\u00e7\u0131n bitiminde yapt\u0131\u011f\u0131 a\u00e7\u0131klamada, &#8220;Genel hissiyat\u0131m\u0131z bu ma\u00e7\u0131 kazanabilecek yetene\u011fe sahip oldu\u011fumuz y\u00f6n\u00fcnde.<\/p>\n<p> <em>* Lig basama\u011f\u0131ndaki yenilgilerine ek olarak, Monaco 2014 y\u0131l\u0131nda Benfica&#8217;ya kar\u015f\u0131 oynad\u0131\u011f\u0131 iki \u015eampiyonlar Ligi m\u00fcsabakas\u0131n\u0131 da kazanamad\u0131 (1 Beraberlik, 1 Ma\u011flubiyet).<\/em><\/p>\n<p> <strong>MUHTEMEL 11&#8217;LER<\/strong><\/p>\n<p> <strong>Monaco<\/strong>: Majecki; Henrique, Salisu, Kehrer, Vanderson; Zakaria, Al Musrati; Golovin, Minamino, Akliouche; Biereth<\/p>\n<p> <strong>Benfica<\/strong>: Trubin; Carreras, Otamendi, Araujo, Antonio Silva; Orkun K\u00f6k\u00e7\u00fc, Florentino, Aursnes; Schjelderup, Pavlidis, Kerem Akt\u00fcrko\u011flu<\/p>\n<p> <span><strong>23.00 CELTIC &#8211; BAYERN M\u00dcN\u0130H<\/strong><\/span><\/p>\n<p> <em><strong>Lig Basama\u011f\u0131 Performansla\u0131r<\/strong><\/em><\/p>\n<p> <strong>Celtic<\/strong>: 3 Galibiyet, 3 Beraberlik ile 21&#8217;inci<\/p>\n<p> <strong>Bayern<\/strong> <strong>M\u00fcnih<\/strong>: 5 Galibiyet ile 12&#8217;inci<\/p>\n<p> Teknik Y\u00f6netici Brendan Rodgers, etkileyici bir lig evresi performans\u0131ndan \u00e7\u0131kar\u0131lan derslerin, kadrosunu Avrupa&#8217;n\u0131n &#8220;en \u00e2l\u00e2 tak\u0131mlar\u0131ndan&#8221; biriyle m\u00fcsabakaya haz\u0131rlad\u0131\u011f\u0131na inan\u0131yor. Bu iki kul\u00fcp ortas\u0131ndaki son \u015eampiyonlar Ligi m\u00fcsabakalar\u0131nda da ekibin ba\u015f\u0131nda olan Rodgers, &#8220;Hem futbolumuzda hem de zihniyet ve tavr\u0131m\u0131zda net bir ilerleme g\u00f6sterdik&#8221; dedi. 2017&#8217;de Celtic&#8217;in konutunda ald\u0131\u011f\u0131 iki yenilgi de dahil. &#8220;Bu iki ayak boyunca her \u015feyimizi ortaya koyaca\u011f\u0131z&#8221; diyen Rodgers, Bavyera kul\u00fcb\u00fcne kar\u015f\u0131 bu kere kazanmay\u0131 ama\u00e7l\u0131yor.<\/p>\n<p> Bayern de, Bundesliga tablosunun doru\u011funda yer alan i\u00e7 saha formuyla ve lig kademesi performans\u0131n\u0131 tamamlamak i\u00e7in be\u015fte d\u00f6rt galibiyet derecesiyle bu e\u015fle\u015fmeyi hevesle bekliyor. &#8220;\u0130ki g\u00fc\u00e7 ma\u00e7 olacak lakin heyecanl\u0131y\u0131z. Benim i\u00e7in yeni bir rakip. Bir oyuncu olarak yeni tecr\u00fcbeleri her vakit seversiniz&#8221; dedi kanat oyuncusu Serge Gnabry. Deneyimli forvet Thomas M\u00fcller ise ekip arkada\u015flar\u0131na a\u00e7\u0131k bir davette bulundu: &#8220;Hadi yapal\u0131m!&#8221;<\/p>\n<p> <em>* Celtic, UEFA kul\u00fcp kar\u015f\u0131la\u015fmalar\u0131nda Bayern M\u00fcnih ile oynad\u0131\u011f\u0131 4 ma\u00e7\u0131 da kazanamad\u0131. (1 Beraberlik, 3 Ma\u011flubiyet)<\/em><\/p>\n<p> <strong>MUHTEMEL 11&#8217;LER<\/strong><\/p>\n<p> <strong>Celtic<\/strong>: Schmeichel; Johnston, Carter-Vickers, Trusty, Taylor; Engels, McGregor, Hatate; K\u00fchn, Maeda, Jota<\/p>\n<p> <strong>Bayern<\/strong> <strong>M\u00fcnih<\/strong>: Neuer; Laimer, Upamencano, Kim, Guerreiro; Kimmich, Pavlovic; Olise, Musiala, Sane; Kane<\/p>\n<p> <span><strong>23.00 FEYENOORD &#8211; MILAN<\/strong><\/span><\/p>\n<p> <em><strong>Lig Kademesi Performanslar\u0131<\/strong><\/em><\/p>\n<p> <strong>Feyenoord:<\/strong> 4 Galibiyet, 1 Beraberlik 19&#8217;uncu<\/p>\n<p> <strong>Milan:<\/strong> 5 Galibiyet ile 13&#8217;\u00fcnc\u00fc<\/p>\n<p> Feyenoord, Bayern kar\u015f\u0131s\u0131nda ald\u0131\u011f\u0131 3-0&#8217;l\u0131k galibiyet ve Man City kar\u015f\u0131s\u0131nda ald\u0131\u011f\u0131 beraberlikle etkileyici bir lig evresinin akabinde eleme evresine geldi. Fakat 8. haftada Lille kar\u015f\u0131s\u0131nda al\u0131nan 6-1&#8217;lik yenilgi Hollanda grubuna Milan&#8217;a haz\u0131rlan\u0131rken d\u00fc\u015f\u00fcnecek \u00e7ok \u015fey verdi. Defans oyuncusu David Hancko &#8220;Turnuvan\u0131n ba\u015f\u0131nda kimse bu pozisyonda olmam\u0131z\u0131 beklemiyordu&#8221; dedi. &#8220;\u0130lk ma\u00e7\u0131 [Leverkusen&#8217;e konutumuzda ald\u0131\u011f\u0131m\u0131z 4-0&#8217;l\u0131k ma\u011flubiyet] ve son ma\u00e7\u0131 unutursak, inan\u0131lmaz \u015feyler yapt\u0131k. Bayern ve City&#8217;ye kar\u015f\u0131 oynad\u0131\u011f\u0131m\u0131z ma\u00e7lar\u0131 asla unutmayaca\u011f\u0131m.&#8221;<\/p>\n<p> Milan 8. haftada ba\u015flad\u0131\u011f\u0131nda birinci sekizde yer al\u0131yordu fakat GNK Dinamo Zagreb kar\u015f\u0131s\u0131nda ald\u0131klar\u0131 hezimetle s\u0131ralamada a\u015fa\u011f\u0131lara d\u00fc\u015ft\u00fcler. Ko\u00e7 Sergio Concei\u00e7ao bu performanstaki agresiflik eksikli\u011finden keder duysa da bir sonraki ma\u00e7ta Serie A&#8217;daki rakipleri Inter&#8217;e kar\u015f\u0131 daha istekli bir oyun sergilemeleri moral verdi. Portekizli teknik y\u00f6netici, 1-1&#8217;lik beraberli\u011fe raz\u0131 olmalar\u0131na kar\u015f\u0131n &#8220;Yo\u011funlu\u011fumuz, agresifli\u011fimiz ve ma\u00e7\u0131 kazanma a\u00e7l\u0131\u011f\u0131m\u0131z en \u00fcst seviyedeydi&#8221; dedi.<\/p>\n<p> <em>* Milan, UEFA kul\u00fcp kar\u015f\u0131la\u015fmalar\u0131nda Hollanda&#8217;da oynad\u0131\u011f\u0131 son d\u00f6rt ma\u00e7ta (\u00f6n eleme ma\u00e7lar\u0131 hari\u00e7) galibiyet alamad\u0131.<\/em><\/p>\n<p> <strong>MUHTEMEL 11&#8217;LER<\/strong><\/p>\n<p> <strong>Feyenoord<\/strong>: Wellenreuther; Read, Beelen, Hancko, Smal; Moder, IB Hwang, Timber; Hadj Moussa, Carranza, Paix\u00e3o<\/p>\n<p> <strong>Milan<\/strong>: Maignan; Walker, Tomori, Pavlovic, Hernandez; Pulisic, Fofana, Reijnders, Rafael Leao; Joao Felix, Gimenez<\/p>\n<\/div>\n<p><\/p>\n","protected":false},"excerpt":{"rendered":"<p>UEFA \u015eampiyonlar Ligi&#8217;nde playoff tipi heyecan\u0131 bug\u00fcn oynanacak 4 m\u00fcsabakayla devam edecek.<\/p>\n","protected":false},"author":1,"featured_media":17626,"comment_status":"open","ping_status":"open","sticky":false,"template":"","format":"standard","meta":{"footnotes":""},"categories":[25],"tags":[242,1833,50,1386,52],"class_list":["post-17625","post","type-post","status-publish","format-standard","has-post-thumbnail","hentry","category-futbol","tag-galibiyet","tag-karsisinda","tag-mac","tag-maglubiyet","tag-takim"],"_links":{"self":[{"href":"https:\/\/haberbesiktas.tr\/index.php?rest_route=\/wp\/v2\/posts\/17625","targetHints":{"allow":["GET"]}}],"collection":[{"href":"https:\/\/haberbesiktas.tr\/index.php?rest_route=\/wp\/v2\/posts"}],"about":[{"href":"https:\/\/haberbesiktas.tr\/index.php?rest_route=\/wp\/v2\/types\/post"}],"author":[{"embeddable":true,"href":"https:\/\/haberbesiktas.tr\/index.php?rest_route=\/wp\/v2\/users\/1"}],"replies":[{"embeddable":true,"href":"https:\/\/haberbesiktas.tr\/index.php?rest_route=%2Fwp%2Fv2%2Fcomments&post=17625"}],"version-history":[{"count":1,"href":"https:\/\/haberbesiktas.tr\/index.php?rest_route=\/wp\/v2\/posts\/17625\/revisions"}],"predecessor-version":[{"id":17628,"href":"https:\/\/haberbesiktas.tr\/index.php?rest_route=\/wp\/v2\/posts\/17625\/revisions\/17628"}],"wp:featuredmedia":[{"embeddable":true,"href":"https:\/\/haberbesiktas.tr\/index.php?rest_route=\/wp\/v2\/media\/17626"}],"wp:attachment":[{"href":"https:\/\/haberbesiktas.tr\/index.php?rest_route=%2Fwp%2Fv2%2Fmedia&parent=17625"}],"wp:term":[{"taxonomy":"category","embeddable":true,"href":"https:\/\/haberbesiktas.tr\/index.php?rest_route=%2Fwp%2Fv2%2Fcategories&post=17625"},{"taxonomy":"post_tag","embeddable":true,"href":"https:\/\/haberbesiktas.tr\/index.php?rest_route=%2Fwp%2Fv2%2Ftags&post=17625"}],"curies":[{"name":"wp","href":"https:\/\/api.w.org\/{rel}","templated":true}]}}