{"id":17632,"date":"2025-04-09T17:48:06","date_gmt":"2025-04-09T17:48:06","guid":{"rendered":"https:\/\/haberbesiktas.tr\/?p=17632"},"modified":"2025-04-09T17:48:06","modified_gmt":"2025-04-09T17:48:06","slug":"galatasaray-kotu-deplasman-serisini-kirmak-istiyor","status":"publish","type":"post","link":"https:\/\/haberbesiktas.tr\/?p=17632","title":{"rendered":"Galatasaray, k\u00f6t\u00fc deplasman serisini k\u0131rmak istiyor"},"content":{"rendered":"<div>Galatasaray, UEFA Avrupa Ligi son 16 play-off \u00e7e\u015fidi birinci ma\u00e7\u0131nda per\u015fembe ak\u015fam\u0131 deplasmanda Hollanda temsilcisi AZ Alkmaar&#8217;a konuk olacak.<\/p>\n<p> Alkmaar kentindeki AFAS Stad\u0131&#8217;nda yap\u0131lacak m\u00fcsabaka, TS\u0130 23.00&#8217;te ba\u015flayacak. Kar\u015f\u0131la\u015fmay\u0131 Portekiz Futbol Federasyonundan hakem Joao Pinheiro y\u00f6netecek. Yard\u0131mc\u0131 hakemlik misyonunu Bruno Jesus ve Luciano Maia&#8217;n\u0131n yapaca\u011f\u0131 \u00e7aban\u0131n d\u00f6rd\u00fcnc\u00fc hakemi Joao Gon\u00e7alves olacak. G\u00f6r\u00fcnt\u00fc Yard\u0131mc\u0131 Hakem (VAR) odas\u0131nda ise Tiago Martins vazife alacak.<\/p>\n<p> Avrupa futbolunun kul\u00fcpler seviyesindeki en itibarl\u0131 ikinci tertibinde bu d\u00f6nem 36 tak\u0131ml\u0131 yeni lig format\u0131 uygulan\u0131yor.<\/p>\n<p> Galatasaray, lig kademesinde s\u0131ras\u0131yla Yunanistan&#8217;\u0131n PAOK, Letonya&#8217;n\u0131n RFS, \u0130sve\u00e7&#8217;in Elfsborg, \u0130ngiltere&#8217;nin Tottenham, Hollanda&#8217;n\u0131n AZ Alkmaar, \u0130sve\u00e7&#8217;in Malm\u00f6, Ukrayna&#8217;n\u0131n Dinamo Kiev ve Hollanda&#8217;n\u0131n Ajax kadrolar\u0131yla kar\u015f\u0131la\u015ft\u0131.<\/p>\n<p> Avrupa Ligi&#8217;ne d\u00fczg\u00fcn ba\u015flayan sar\u0131-k\u0131rm\u0131z\u0131l\u0131 grup, birinci 4 ma\u00e7\u0131nda 3 galibiyet, 1 beraberlik ya\u015fad\u0131. Sonras\u0131ndaki 3 kar\u015f\u0131la\u015fmadan da beraberlike ayr\u0131lan Galatasaray, lig etab\u0131ndaki tek ma\u011flubiyetini son ma\u00e7ta ald\u0131. Birinci 8&#8217;de yer alma talihini son 2 ma\u00e7ta ald\u0131\u011f\u0131 sonu\u00e7larla ka\u00e7\u0131ran Galatasaray, ola\u011fan d\u00f6nemi 14. s\u0131rada tamamlad\u0131.<\/p>\n<p> AZ Alkmaar ise lig etab\u0131ndaki 8 \u00e7abada 3 galibiyet, 2 beraberlik ve 3 hezimet ya\u015fad\u0131. Hollanda temsilcisi, toplad\u0131\u011f\u0131 11 puanla 19. olarak son 16 play-off tipine y\u00fckseldi.<\/p>\n<p> \u0130ki ekip ortas\u0131nda ola\u011fan d\u00f6nemin 5. haftas\u0131nda yeniden Hollanda&#8217;da yap\u0131lan kar\u015f\u0131la\u015fma 1-1 sona erdi.<\/p>\n<p> M\u00fcsabakan\u0131n r\u00f6van\u015f\u0131 20 \u015eubat Per\u015fembe g\u00fcn\u00fc \u0130stanbul&#8217;da yap\u0131lacak.<\/p>\n<p> <strong>Galatasaray&#8217;da 6 de\u011ferli eksik<\/strong><\/p>\n<p> Sar\u0131-k\u0131rm\u0131z\u0131l\u0131 tak\u0131mda 6 futbolcu yar\u0131nki m\u00fcsabakada forma giyemeyecek.<\/p>\n<p> Arjantinli y\u0131ld\u0131z Mauro Icardi, ulusal futbolcu Yunus Akg\u00fcn ve Senegalli sol bek Ismail Jakobs sakatl\u0131klar\u0131 nedeniyle yar\u0131nki m\u00fcsabakada m\u00fchlet alamayacak. Teknik y\u00f6netici Okan Buruk, son yap\u0131lan Ajax \u00e7abas\u0131nda sar\u0131 kart g\u00f6rerek cezal\u0131 duruma d\u00fc\u015fen Victor Osimhen, Lucas Torreira ile Davinson Sanchez&#8217;den de yararlanamayacak.<\/p>\n<p> Ayr\u0131yeten isimleri UEFA listesinde yer almayan yeni transferler Mario Lemina, Ahmed Kutucu, Eren Elmal\u0131, Przemyslaw Frankowski ve Arda \u00dcnyay&#8217;\u0131n yan\u0131 s\u0131ra gen\u00e7 oyuncular Ey\u00fcp Ayd\u0131n ile G\u00f6kdeniz G\u00fcrp\u00fcz de per\u015fembe ak\u015fam\u0131 alana \u00e7\u0131kamayacak.<\/p>\n<p> Sar\u0131-k\u0131rm\u0131z\u0131l\u0131larda Dries Mertens ve per\u015fembe ak\u015fam\u0131 tak\u0131mda olmas\u0131 beklenmeyen Yunus Akg\u00fcn sar\u0131 kart ceza hududunda bulunuyor.<\/p>\n<p> AZ Alkmaar&#8217;da ise Kristijan Belic cezas\u0131 nedeniyle Galatasaray&#8217;a kar\u015f\u0131 \u00e7aba edemeyecek.<\/p>\n<p> K\u0131rm\u0131z\u0131-beyazl\u0131 grupta Wouter Goes, Dave Kwakman ile Ruben van Bommel de sar\u0131 kart g\u00f6r\u00fcrlerse cezal\u0131 duruma d\u00fc\u015fecek.<\/p>\n<p> <strong>Lig etab\u0131n\u0131n en golc\u00fc tak\u0131m\u0131<\/strong><\/p>\n<p> Galatasaray, UEFA Avrupa Ligi&#8217;nde ola\u011fan d\u00f6nemin en golc\u00fc ekibi oldu.<\/p>\n<p> Bu d\u00f6nem birinci defa 36 tak\u0131mla d\u00fczenlenen lig format\u0131nda \u00e7\u0131kt\u0131\u011f\u0131 8 kar\u015f\u0131la\u015fmada 19 kere fileleri havaland\u0131ran sar\u0131-k\u0131rm\u0131z\u0131l\u0131 tak\u0131m, ola\u011fan d\u00f6nemi en fazla gol kaydeden kadro olarak bitirdi.<\/p>\n<p> <strong>Avrupa&#8217;da t\u00fcm ma\u00e7larda gol yedi<\/strong><\/p>\n<p> Galatasaray, UEFA tertiplerinde bu d\u00f6nem yapt\u0131\u011f\u0131 10 ma\u00e7ta da kalesini gole kapatamad\u0131.<\/p>\n<p> D\u00f6nem ba\u015f\u0131nda UEFA \u015eampiyonlar Ligi elemeleri play-off cinsinde 3-2 ve 1-0&#8217;l\u0131k skorlarla \u0130svi\u00e7re temsilcisi Young Boys&#8217;a elenen sar\u0131-k\u0131rm\u0131z\u0131l\u0131 grup, yoluna devam etti\u011fi UEFA Avrupa Ligi&#8217;nde de uygun savunma yapamad\u0131.<\/p>\n<p> Galatasaray, &#8220;Kupa 2&#8243;de \u00e7\u0131kt\u0131\u011f\u0131 8 ma\u00e7ta da rakiplerin gol bulmas\u0131n\u0131 \u00f6nleyemedi. Ajax m\u00fcsabakas\u0131na kadar \u00e7\u0131kt\u0131\u011f\u0131 7 kar\u015f\u0131la\u015fmada kalesine 14 gol g\u00f6ren sar\u0131-k\u0131rm\u0131z\u0131l\u0131lar, bu \u00e7abada de filelerinden 2 sefer topu \u00e7\u0131kard\u0131.<\/p>\n<p> <strong>Deplasmanda galibiyeti yok<\/strong><\/p>\n<p> Galatasaray, bu d\u00f6nem &#8220;Kupa 2&#8243;de \u00e7\u0131kt\u0131\u011f\u0131 4 deplasman ma\u00e7\u0131ndan da galip d\u00f6nemedi.<\/p>\n<p> Sar\u0131-k\u0131rm\u0131z\u0131l\u0131 grup, bu d\u00f6nem UEFA Avrupa Ligi&#8217;nde deplasmanda s\u0131ras\u0131yla Letonya temsilcisi RFS ile 2-2, Hollanda grubu AZ Alkmaar ile 1-1 ve \u0130sve\u00e7 ekibi Malm\u00f6 ile 2-2 berabere kald\u0131.<\/p>\n<p> Galatasaray, ola\u011fan d\u00f6nemin son ma\u00e7\u0131nda d\u0131\u015f alanda Ajax&#8217;a 2-1 ma\u011flup oldu.<\/p>\n<\/div>\n<p><\/p>\n","protected":false},"excerpt":{"rendered":"<p>Galatasaray, UEFA Avrupa Ligi son 16 play-off tipi birinci ma\u00e7\u0131nda per\u015fembe ak\u015fam\u0131 deplasmanda Hollanda temsilcisi AZ Alkmaar ile kar\u015f\u0131la\u015facak.<\/p>\n","protected":false},"author":1,"featured_media":17633,"comment_status":"open","ping_status":"open","sticky":false,"template":"","format":"standard","meta":{"footnotes":""},"categories":[25],"tags":[129,77,51,508,52],"class_list":["post-17632","post","type-post","status-publish","format-standard","has-post-thumbnail","hentry","category-futbol","tag-galatasaray","tag-gol","tag-lig","tag-sari-kirmizili","tag-takim"],"_links":{"self":[{"href":"https:\/\/haberbesiktas.tr\/index.php?rest_route=\/wp\/v2\/posts\/17632","targetHints":{"allow":["GET"]}}],"collection":[{"href":"https:\/\/haberbesiktas.tr\/index.php?rest_route=\/wp\/v2\/posts"}],"about":[{"href":"https:\/\/haberbesiktas.tr\/index.php?rest_route=\/wp\/v2\/types\/post"}],"author":[{"embeddable":true,"href":"https:\/\/haberbesiktas.tr\/index.php?rest_route=\/wp\/v2\/users\/1"}],"replies":[{"embeddable":true,"href":"https:\/\/haberbesiktas.tr\/index.php?rest_route=%2Fwp%2Fv2%2Fcomments&post=17632"}],"version-history":[{"count":1,"href":"https:\/\/haberbesiktas.tr\/index.php?rest_route=\/wp\/v2\/posts\/17632\/revisions"}],"predecessor-version":[{"id":17634,"href":"https:\/\/haberbesiktas.tr\/index.php?rest_route=\/wp\/v2\/posts\/17632\/revisions\/17634"}],"wp:featuredmedia":[{"embeddable":true,"href":"https:\/\/haberbesiktas.tr\/index.php?rest_route=\/wp\/v2\/media\/17633"}],"wp:attachment":[{"href":"https:\/\/haberbesiktas.tr\/index.php?rest_route=%2Fwp%2Fv2%2Fmedia&parent=17632"}],"wp:term":[{"taxonomy":"category","embeddable":true,"href":"https:\/\/haberbesiktas.tr\/index.php?rest_route=%2Fwp%2Fv2%2Fcategories&post=17632"},{"taxonomy":"post_tag","embeddable":true,"href":"https:\/\/haberbesiktas.tr\/index.php?rest_route=%2Fwp%2Fv2%2Ftags&post=17632"}],"curies":[{"name":"wp","href":"https:\/\/api.w.org\/{rel}","templated":true}]}}