{"id":17836,"date":"2025-04-10T07:00:07","date_gmt":"2025-04-10T07:00:07","guid":{"rendered":"https:\/\/haberbesiktas.tr\/?p=17836"},"modified":"2025-04-10T07:00:07","modified_gmt":"2025-04-10T07:00:07","slug":"serdal-adalidan-fenerbahce-ve-galatasaray-cevabi","status":"publish","type":"post","link":"https:\/\/haberbesiktas.tr\/?p=17836","title":{"rendered":"Serdal Adal\u0131&#8217;dan Fenerbah\u00e7e ve Galatasaray\u00a0cevab\u0131"},"content":{"rendered":"<div>Be\u015fikta\u015f Ba\u015fkan\u0131 Serdal Adal\u0131, yeni transferler i\u00e7in d\u00fczenlenen bas\u0131n toplant\u0131s\u0131nda Fenerbah\u00e7e ve Galatasaray ile alakal\u0131 sorulara kar\u015f\u0131l\u0131k verdi.<\/p>\n<p> <strong>&#8220;BE\u015e\u0130KTA\u015e, ONLARDAN DAHA B\u00dcY\u00dcK&#8221;<\/strong><\/p>\n<p> <strong>&#8220;S\u00fcper Lig, iki ekibe yanl\u0131\u015fs\u0131z gidiyor. Be\u015fikta\u015f bu makas\u0131 nas\u0131l kapatacak?&#8221;<\/strong> sorunu yan\u0131tlayan Serdal Adal\u0131<strong> &#8220;Ayn\u0131 fikirde de\u011filim. \u00dc\u00e7 d\u00f6nemdir g\u00fczel gitmeyen futbol kadromuz var. Ortadaki makas, futbol kadrosu ile \u00f6l\u00e7\u00fclmez! Topluluklarla \u00f6l\u00e7\u00fcl\u00fcr! Biz hi\u00e7bir vakit o ikilinin yar\u0131m cm bile gerisinde olmad\u0131k! T\u00fcrkiye&#8217;de en b\u00fcy\u00fck topluluk Be\u015fikta\u015f&#8217;t\u0131r. Grup berbat olur ve ya \u015fampiyon olamay\u0131z&#8230; Bu Be\u015fikta\u015f&#8217;\u0131n b\u00fcy\u00fckl\u00fc\u011f\u00fcnden bir \u015fey kaybettirmez. \u0130ki b\u00fcy\u00fc\u011fe indirme projeleri konu\u015fuluyor ancak Be\u015fikta\u015f iki d\u00f6nemle b\u00fcy\u00fckl\u00fc\u011f\u00fcnden en ufak bir \u015fey kaybetmez.&#8221;<\/strong> dedi.<\/p>\n<p> <strong>&#8220;ONLARIN TARTI\u015eMASIYLA \u0130LG\u0130LENM\u0130YORUZ&#8221;<\/strong><\/p>\n<p> Fenerbah\u00e7e ve Galatasaray ortas\u0131ndaki tansiyon ile alakal\u0131 fikri sorulan Serdal Adal\u0131 <strong>&#8220;Fenerbah\u00e7e ve Galatasaray ortas\u0131ndaki tart\u0131\u015fmalarla ilgilenmiyoruz. Bu bizim hususumuz de\u011fil.&#8221;<\/strong> tabirlerini kulland\u0131.<\/p>\n<p> <strong>&#8220;50-100&#8217;LER MANTIKLI DE\u011e\u0130L!&#8221;<\/strong><\/p>\n<p> Ezeli rakiplerinin y\u00fcksek transfer harcamalar\u0131 \u00fczerine gelen soruyu yan\u0131tlayan Serdal Adal\u0131 <strong>&#8220;Rakip ekiplerde 50-100&#8217;ler (transfer harcamalar\u0131) havada u\u00e7u\u015fuyor. Mant\u0131kl\u0131 say\u0131lar oldu\u011funa inanm\u0131yorum.&#8221;<\/strong> dedi.<\/p>\n<\/div>\n<p><\/p>\n","protected":false},"excerpt":{"rendered":"<p>Be\u015fikta\u015f Ba\u015fkan\u0131 Serdal Adal\u0131, yeni transferler i\u00e7in d\u00fczenlenen bas\u0131n toplant\u0131s\u0131nda Fenerbah\u00e7e ve Galatasaray ile alakal\u0131 sorulara kar\u015f\u0131l\u0131k verdi.<\/p>\n","protected":false},"author":1,"featured_media":17837,"comment_status":"open","ping_status":"open","sticky":false,"template":"","format":"standard","meta":{"footnotes":""},"categories":[25],"tags":[71,52],"class_list":["post-17836","post","type-post","status-publish","format-standard","has-post-thumbnail","hentry","category-futbol","tag-besiktas","tag-takim"],"_links":{"self":[{"href":"https:\/\/haberbesiktas.tr\/index.php?rest_route=\/wp\/v2\/posts\/17836","targetHints":{"allow":["GET"]}}],"collection":[{"href":"https:\/\/haberbesiktas.tr\/index.php?rest_route=\/wp\/v2\/posts"}],"about":[{"href":"https:\/\/haberbesiktas.tr\/index.php?rest_route=\/wp\/v2\/types\/post"}],"author":[{"embeddable":true,"href":"https:\/\/haberbesiktas.tr\/index.php?rest_route=\/wp\/v2\/users\/1"}],"replies":[{"embeddable":true,"href":"https:\/\/haberbesiktas.tr\/index.php?rest_route=%2Fwp%2Fv2%2Fcomments&post=17836"}],"version-history":[{"count":1,"href":"https:\/\/haberbesiktas.tr\/index.php?rest_route=\/wp\/v2\/posts\/17836\/revisions"}],"predecessor-version":[{"id":17838,"href":"https:\/\/haberbesiktas.tr\/index.php?rest_route=\/wp\/v2\/posts\/17836\/revisions\/17838"}],"wp:featuredmedia":[{"embeddable":true,"href":"https:\/\/haberbesiktas.tr\/index.php?rest_route=\/wp\/v2\/media\/17837"}],"wp:attachment":[{"href":"https:\/\/haberbesiktas.tr\/index.php?rest_route=%2Fwp%2Fv2%2Fmedia&parent=17836"}],"wp:term":[{"taxonomy":"category","embeddable":true,"href":"https:\/\/haberbesiktas.tr\/index.php?rest_route=%2Fwp%2Fv2%2Fcategories&post=17836"},{"taxonomy":"post_tag","embeddable":true,"href":"https:\/\/haberbesiktas.tr\/index.php?rest_route=%2Fwp%2Fv2%2Ftags&post=17836"}],"curies":[{"name":"wp","href":"https:\/\/api.w.org\/{rel}","templated":true}]}}