{"id":17842,"date":"2025-04-10T07:24:07","date_gmt":"2025-04-10T07:24:07","guid":{"rendered":"https:\/\/haberbesiktas.tr\/?p=17842"},"modified":"2025-04-10T07:24:07","modified_gmt":"2025-04-10T07:24:07","slug":"besiktasta-2-isim-icin-yeni-sozlesme-aciklamasi","status":"publish","type":"post","link":"https:\/\/haberbesiktas.tr\/?p=17842","title":{"rendered":"Be\u015fikta\u015f&#8217;ta 2 isim i\u00e7in yeni s\u00f6zle\u015fme a\u00e7\u0131klamas\u0131"},"content":{"rendered":"<div>Be\u015fikta\u015f Ba\u015fkan\u0131 Serdal Adal\u0131, kul\u00fcb\u00fcn yeni transferleri Keny Arroyo ve Elan Ricard&#8217;\u0131n imza merasiminde a\u00e7\u0131klamalarda bulundu.<\/p>\n<p> Adal\u0131, konu\u015fmas\u0131nda Gedson Fernandes ve Necip Uysal&#8217;\u0131n durumlar\u0131 hakk\u0131nda a\u00e7\u0131klamalar yapt\u0131.<\/p>\n<p> <strong>&#8220;GEDSON&#8217;U SATMAYACA\u011eIZ&#8221;<\/strong><\/p>\n<p> Gedson Fernandes&#8217;i satmayacaklar\u0131n\u0131 s\u00f6yleyen Adal\u0131, <strong>&#8220;Gedson&#8217;u satmayaca\u011f\u0131z. Kontrat\u0131n\u0131 uzatmak istiyoruz. Bonservisinin tamam\u0131 i\u00e7in Benfica ile g\u00f6r\u00fc\u015f\u00fcyoruz.&#8221;<\/strong> dedi.<\/p>\n<p> <strong>&#8220;NEC\u0130P UYSAL \u0130LE KONTRAT UZATACA\u011eIZ&#8221;<\/strong><\/p>\n<p> Necip Uysal ile mukavele uzatacaklar\u0131n\u0131 belirten Adal\u0131,<strong> &#8220;Necip Uysal ile kontrat uzataca\u011f\u0131z. Birinci kontrat\u0131n\u0131 ben yapm\u0131\u015ft\u0131m. Son kontrat\u0131 de bana nasip oldu.&#8221;<\/strong> s\u00f6zlerini kulland\u0131.<\/p>\n<p> \u00a0<\/p>\n<p> \u00a0<\/p>\n<p> \u00a0<\/p>\n<\/div>\n<p><\/p>\n","protected":false},"excerpt":{"rendered":"<p>Be\u015fikta\u015f Ba\u015fkan\u0131 Serdal Adal\u0131, Gedson Fernandes&#8217;in sat\u0131lmayaca\u011f\u0131n\u0131 ve bonservisinin tamam\u0131n\u0131 almak i\u00e7in Benfica ile g\u00f6r\u00fc\u015feceklerini a\u00e7\u0131klad\u0131. Adal\u0131 ayr\u0131yeten Necip Uysal ile kontrat uzatacaklar\u0131n\u0131 da duyurdu.<\/p>\n","protected":false},"author":1,"featured_media":17843,"comment_status":"open","ping_status":"open","sticky":false,"template":"","format":"standard","meta":{"footnotes":""},"categories":[25],"tags":[69],"class_list":["post-17842","post","type-post","status-publish","format-standard","has-post-thumbnail","hentry","category-futbol","tag-sozlesme"],"_links":{"self":[{"href":"https:\/\/haberbesiktas.tr\/index.php?rest_route=\/wp\/v2\/posts\/17842","targetHints":{"allow":["GET"]}}],"collection":[{"href":"https:\/\/haberbesiktas.tr\/index.php?rest_route=\/wp\/v2\/posts"}],"about":[{"href":"https:\/\/haberbesiktas.tr\/index.php?rest_route=\/wp\/v2\/types\/post"}],"author":[{"embeddable":true,"href":"https:\/\/haberbesiktas.tr\/index.php?rest_route=\/wp\/v2\/users\/1"}],"replies":[{"embeddable":true,"href":"https:\/\/haberbesiktas.tr\/index.php?rest_route=%2Fwp%2Fv2%2Fcomments&post=17842"}],"version-history":[{"count":1,"href":"https:\/\/haberbesiktas.tr\/index.php?rest_route=\/wp\/v2\/posts\/17842\/revisions"}],"predecessor-version":[{"id":17844,"href":"https:\/\/haberbesiktas.tr\/index.php?rest_route=\/wp\/v2\/posts\/17842\/revisions\/17844"}],"wp:featuredmedia":[{"embeddable":true,"href":"https:\/\/haberbesiktas.tr\/index.php?rest_route=\/wp\/v2\/media\/17843"}],"wp:attachment":[{"href":"https:\/\/haberbesiktas.tr\/index.php?rest_route=%2Fwp%2Fv2%2Fmedia&parent=17842"}],"wp:term":[{"taxonomy":"category","embeddable":true,"href":"https:\/\/haberbesiktas.tr\/index.php?rest_route=%2Fwp%2Fv2%2Fcategories&post=17842"},{"taxonomy":"post_tag","embeddable":true,"href":"https:\/\/haberbesiktas.tr\/index.php?rest_route=%2Fwp%2Fv2%2Ftags&post=17842"}],"curies":[{"name":"wp","href":"https:\/\/api.w.org\/{rel}","templated":true}]}}