{"id":17860,"date":"2025-04-10T08:36:06","date_gmt":"2025-04-10T08:36:06","guid":{"rendered":"https:\/\/haberbesiktas.tr\/?p=17860"},"modified":"2025-04-10T08:36:06","modified_gmt":"2025-04-10T08:36:06","slug":"anthony-nwakaeme-besiktas-macinda-yok","status":"publish","type":"post","link":"https:\/\/haberbesiktas.tr\/?p=17860","title":{"rendered":"Anthony Nwakaeme, Be\u015fikta\u015f ma\u00e7\u0131nda yok"},"content":{"rendered":"<div><strong>Trabzonspor<\/strong>, deneyimli oyuncusu <strong>Anthony Nwakaeme&#8217;nin<\/strong> sakatland\u0131\u011f\u0131n\u0131 a\u00e7\u0131klad\u0131.<\/p>\n<p>Kul\u00fcpten yap\u0131lan a\u00e7\u0131klamada, <strong>&#8220;<\/strong><span><strong>Anthony Nwakaeme&#8217;nin yap\u0131lan muayene ve MR g\u00f6r\u00fcnt\u00fclemesi sonucunda sa\u011f bacak alt art adalesinde yaralanma tespit edilmi\u015ftir. Oyuncumuzun tedavisine s\u0131hhat grubumuzca ba\u015flan\u0131lm\u0131\u015ft\u0131r.&#8221;<\/strong> tabirleri kullan\u0131ld\u0131.<\/p>\n<p><strong>BE\u015e\u0130KTA\u015e MA\u00c7INDA YOK!<\/strong><\/p>\n<p>\u00d6te yandan Sabah&#8217;\u0131n haberine nazaran;\u00a0<span>Anthony Nwakaeme, Trabzonspor&#8217;un bu hafta sonu oynayaca\u011f\u0131 Be\u015fikta\u015f ma\u00e7\u0131nda forma giyemeyecek.<\/p>\n<p>35 ya\u015f\u0131ndaki kanat oyuncusu, bu d\u00f6nem Trabzonspor formas\u0131yla \u00e7\u0131kt\u0131\u011f\u0131 19 ma\u00e7ta 2 gol 3 asistlik performans g\u00f6sterdi.<\/span><\/span><\/div>\n<p><\/p>\n","protected":false},"excerpt":{"rendered":"<p>Trabzonspor, deneyimli oyuncusu Anthony Nwakaeme&#8217;nin sakatland\u0131\u011f\u0131n\u0131 a\u00e7\u0131klad\u0131.<\/p>\n","protected":false},"author":1,"featured_media":17861,"comment_status":"open","ping_status":"open","sticky":false,"template":"","format":"standard","meta":{"footnotes":""},"categories":[25],"tags":[],"class_list":["post-17860","post","type-post","status-publish","format-standard","has-post-thumbnail","hentry","category-futbol"],"_links":{"self":[{"href":"https:\/\/haberbesiktas.tr\/index.php?rest_route=\/wp\/v2\/posts\/17860","targetHints":{"allow":["GET"]}}],"collection":[{"href":"https:\/\/haberbesiktas.tr\/index.php?rest_route=\/wp\/v2\/posts"}],"about":[{"href":"https:\/\/haberbesiktas.tr\/index.php?rest_route=\/wp\/v2\/types\/post"}],"author":[{"embeddable":true,"href":"https:\/\/haberbesiktas.tr\/index.php?rest_route=\/wp\/v2\/users\/1"}],"replies":[{"embeddable":true,"href":"https:\/\/haberbesiktas.tr\/index.php?rest_route=%2Fwp%2Fv2%2Fcomments&post=17860"}],"version-history":[{"count":1,"href":"https:\/\/haberbesiktas.tr\/index.php?rest_route=\/wp\/v2\/posts\/17860\/revisions"}],"predecessor-version":[{"id":17862,"href":"https:\/\/haberbesiktas.tr\/index.php?rest_route=\/wp\/v2\/posts\/17860\/revisions\/17862"}],"wp:featuredmedia":[{"embeddable":true,"href":"https:\/\/haberbesiktas.tr\/index.php?rest_route=\/wp\/v2\/media\/17861"}],"wp:attachment":[{"href":"https:\/\/haberbesiktas.tr\/index.php?rest_route=%2Fwp%2Fv2%2Fmedia&parent=17860"}],"wp:term":[{"taxonomy":"category","embeddable":true,"href":"https:\/\/haberbesiktas.tr\/index.php?rest_route=%2Fwp%2Fv2%2Fcategories&post=17860"},{"taxonomy":"post_tag","embeddable":true,"href":"https:\/\/haberbesiktas.tr\/index.php?rest_route=%2Fwp%2Fv2%2Ftags&post=17860"}],"curies":[{"name":"wp","href":"https:\/\/api.w.org\/{rel}","templated":true}]}}