{"id":17867,"date":"2025-04-10T09:00:09","date_gmt":"2025-04-10T09:00:09","guid":{"rendered":"https:\/\/haberbesiktas.tr\/?p=17867"},"modified":"2025-04-10T09:00:09","modified_gmt":"2025-04-10T09:00:09","slug":"pierluigi-collina-penalti-atislari-degismeli","status":"publish","type":"post","link":"https:\/\/haberbesiktas.tr\/?p=17867","title":{"rendered":"Pierluigi Collina: &#8220;Penalt\u0131 at\u0131\u015flar\u0131 de\u011fi\u015fmeli&#8221;"},"content":{"rendered":"<div>FIFA Hakem Komitesi Ba\u015fkan\u0131 Pierluigi Collina, futbolda penalt\u0131 atma sisteminin de\u011fi\u015fmesi gerekti\u011fini savundu.<\/p>\n<p>Penalt\u0131 at\u0131\u015flar\u0131n\u0131n kaleci i\u00e7in b\u00fcy\u00fck dezavantaj oldu\u011funu s\u00f6yleyen Collina, <strong>&#8220;<\/strong><span><strong>Bence penalt\u0131 at\u0131c\u0131s\u0131 ve kaleci ortas\u0131ndaki \u015fanslarda bir u\u00e7urum var. Ortalama olarak penalt\u0131lar\u0131n y\u00fczde 75&#8217;i golle sonu\u00e7lan\u0131yor. Ayr\u0131yeten, kaleciden sekme ihtimali de var.&#8221;<\/strong> dedi.<\/p>\n<p><strong>&#8220;SEKEN TOP OLMAMALI&#8221;<\/strong><\/p>\n<p>Penalt\u0131larda seken topun kald\u0131r\u0131lmas\u0131 gerekti\u011fini s\u00f6yleyen Collina, <strong>&#8220;<\/strong><span><strong>\u00c7\u00f6z\u00fcmlerden biri, uzatmalardan sonra penalt\u0131 at\u0131\u015flar\u0131nda g\u00f6rd\u00fc\u011f\u00fcm\u00fcze misal bir &#8216;tek at\u0131\u015f&#8217; kural\u0131. Seken top yok. Ya gol atars\u0131n\u0131z ya da oyun kale vuru\u015fuyla devam eder. Bu birebir vakitte penalt\u0131 at\u0131lmadan evvel s\u0131k s\u0131k g\u00f6rd\u00fc\u011f\u00fcm\u00fcz, herkesin alan\u0131n etraf\u0131na y\u0131\u011f\u0131ld\u0131\u011f\u0131 g\u00f6steriyi de ortadan kald\u0131racakt\u0131r. Bu durum yar\u0131\u015f \u00f6ncesi start alan atlara benziyor.&#8221;<\/strong> tabirlerini kulland\u0131.<\/p>\n<p>FIFA&#8217;n\u0131n k\u0131sa m\u00fcddet i\u00e7inde Collina&#8217;n\u0131n bu iste\u011fini g\u00fcndeme almas\u0131 bekleniyor.<\/span><\/span><\/div>\n<p><\/p>\n","protected":false},"excerpt":{"rendered":"<p>FIFA Hakem Komitesi Ba\u015fkan\u0131 Pierluigi Collina, futbolda penalt\u0131 atma sisteminin de\u011fi\u015fmesi gerekti\u011fini savundu.<\/p>\n","protected":false},"author":1,"featured_media":17868,"comment_status":"open","ping_status":"open","sticky":false,"template":"","format":"standard","meta":{"footnotes":""},"categories":[25],"tags":[303],"class_list":["post-17867","post","type-post","status-publish","format-standard","has-post-thumbnail","hentry","category-futbol","tag-penalti"],"_links":{"self":[{"href":"https:\/\/haberbesiktas.tr\/index.php?rest_route=\/wp\/v2\/posts\/17867","targetHints":{"allow":["GET"]}}],"collection":[{"href":"https:\/\/haberbesiktas.tr\/index.php?rest_route=\/wp\/v2\/posts"}],"about":[{"href":"https:\/\/haberbesiktas.tr\/index.php?rest_route=\/wp\/v2\/types\/post"}],"author":[{"embeddable":true,"href":"https:\/\/haberbesiktas.tr\/index.php?rest_route=\/wp\/v2\/users\/1"}],"replies":[{"embeddable":true,"href":"https:\/\/haberbesiktas.tr\/index.php?rest_route=%2Fwp%2Fv2%2Fcomments&post=17867"}],"version-history":[{"count":1,"href":"https:\/\/haberbesiktas.tr\/index.php?rest_route=\/wp\/v2\/posts\/17867\/revisions"}],"predecessor-version":[{"id":17869,"href":"https:\/\/haberbesiktas.tr\/index.php?rest_route=\/wp\/v2\/posts\/17867\/revisions\/17869"}],"wp:featuredmedia":[{"embeddable":true,"href":"https:\/\/haberbesiktas.tr\/index.php?rest_route=\/wp\/v2\/media\/17868"}],"wp:attachment":[{"href":"https:\/\/haberbesiktas.tr\/index.php?rest_route=%2Fwp%2Fv2%2Fmedia&parent=17867"}],"wp:term":[{"taxonomy":"category","embeddable":true,"href":"https:\/\/haberbesiktas.tr\/index.php?rest_route=%2Fwp%2Fv2%2Fcategories&post=17867"},{"taxonomy":"post_tag","embeddable":true,"href":"https:\/\/haberbesiktas.tr\/index.php?rest_route=%2Fwp%2Fv2%2Ftags&post=17867"}],"curies":[{"name":"wp","href":"https:\/\/api.w.org\/{rel}","templated":true}]}}