{"id":17873,"date":"2025-04-10T09:24:08","date_gmt":"2025-04-10T09:24:08","guid":{"rendered":"https:\/\/haberbesiktas.tr\/?p=17873"},"modified":"2025-04-10T09:24:08","modified_gmt":"2025-04-10T09:24:08","slug":"fenerbahce-ayriligi-acikladi-mimovic","status":"publish","type":"post","link":"https:\/\/haberbesiktas.tr\/?p=17873","title":{"rendered":"Fenerbah\u00e7e ayr\u0131l\u0131\u011f\u0131 a\u00e7\u0131klad\u0131: Mimovic"},"content":{"rendered":"<div><span>Fenerbah\u00e7e, Ongjen Mimovic&#8217;in d\u00f6nem sonuna kadar Zenit&#8217;e kiraland\u0131\u011f\u0131n\u0131 a\u00e7\u0131klad\u0131.<\/p>\n<p>Kul\u00fcpten yap\u0131lan a\u00e7\u0131klamada, <strong>&#8220;<\/strong><span><strong>Kul\u00fcb\u00fcm\u00fcz, futbolcumuz Ognjen Mimovic&#8217;in d\u00f6nem sonuna kadar kiral\u0131k transferi i\u00e7in Zenit Kul\u00fcb\u00fc ile anla\u015fm\u0131\u015ft\u0131r. Oyuncumuza sakatl\u0131ktan uzak, ba\u015far\u0131l\u0131 bir periyot diliyoruz.&#8221;<\/strong> s\u00f6zleri kullan\u0131ld\u0131.<\/p>\n<p><span>20 ya\u015f\u0131ndaki futbolcu, d\u00f6nem sonuna kadar kiral\u0131k olarak Zenit&#8217;te forma giyecek.<\/span><\/p>\n<p><strong>NEDEN K\u0130RALANDI?\u00a0<\/strong><\/p>\n<p><span>Allan Saint-Maximin&#8217;in Napoli&#8217;ye transferinin iptal olmas\u0131yla birlikte Fenerbah\u00e7e, orta transfer periyodunda yapt\u0131\u011f\u0131 desteklerle yabanc\u0131 oyuncu say\u0131s\u0131n\u0131 15&#8217;e \u00e7\u0131kard\u0131. Lakin T\u00fcrkiye Futbol Federasyonu kurallar\u0131 gere\u011fi sar\u0131-lacivertli tak\u0131m, tak\u0131m\u0131nda en fazla 14 yabanc\u0131 oyuncu bulundurabiliyor. Bu nedenle bir futbolcunun tak\u0131m d\u0131\u015f\u0131 kalmas\u0131 gerekliydi.<\/span><\/p>\n<p><strong>6.7 M\u0130LYON EURO&#8217;YA TRANSFER ED\u0130LD\u0130<\/strong><\/p>\n<p><span>20 ya\u015f\u0131ndaki oyuncu, Fenerbah\u00e7e&#8217;ye K\u0131z\u0131ly\u0131ld\u0131z&#8217;dan 6.7 milyon euro&#8217;ya transfer oldu. Lisans\u0131 \u00e7\u0131kar\u0131ld\u0131 ama forma talihi bulamad\u0131.<\/span><br \/><\/span><\/span><\/div>\n<p><\/p>\n","protected":false},"excerpt":{"rendered":"<p>Fenerbah\u00e7e, Ongjen Mimovic&#8217;in d\u00f6nem sonuna kadar Zenit&#8217;e kiraland\u0131\u011f\u0131n\u0131 a\u00e7\u0131klad\u0131.<\/p>\n","protected":false},"author":1,"featured_media":17874,"comment_status":"open","ping_status":"open","sticky":false,"template":"","format":"standard","meta":{"footnotes":""},"categories":[25],"tags":[48],"class_list":["post-17873","post","type-post","status-publish","format-standard","has-post-thumbnail","hentry","category-futbol","tag-transfer"],"_links":{"self":[{"href":"https:\/\/haberbesiktas.tr\/index.php?rest_route=\/wp\/v2\/posts\/17873","targetHints":{"allow":["GET"]}}],"collection":[{"href":"https:\/\/haberbesiktas.tr\/index.php?rest_route=\/wp\/v2\/posts"}],"about":[{"href":"https:\/\/haberbesiktas.tr\/index.php?rest_route=\/wp\/v2\/types\/post"}],"author":[{"embeddable":true,"href":"https:\/\/haberbesiktas.tr\/index.php?rest_route=\/wp\/v2\/users\/1"}],"replies":[{"embeddable":true,"href":"https:\/\/haberbesiktas.tr\/index.php?rest_route=%2Fwp%2Fv2%2Fcomments&post=17873"}],"version-history":[{"count":1,"href":"https:\/\/haberbesiktas.tr\/index.php?rest_route=\/wp\/v2\/posts\/17873\/revisions"}],"predecessor-version":[{"id":17875,"href":"https:\/\/haberbesiktas.tr\/index.php?rest_route=\/wp\/v2\/posts\/17873\/revisions\/17875"}],"wp:featuredmedia":[{"embeddable":true,"href":"https:\/\/haberbesiktas.tr\/index.php?rest_route=\/wp\/v2\/media\/17874"}],"wp:attachment":[{"href":"https:\/\/haberbesiktas.tr\/index.php?rest_route=%2Fwp%2Fv2%2Fmedia&parent=17873"}],"wp:term":[{"taxonomy":"category","embeddable":true,"href":"https:\/\/haberbesiktas.tr\/index.php?rest_route=%2Fwp%2Fv2%2Fcategories&post=17873"},{"taxonomy":"post_tag","embeddable":true,"href":"https:\/\/haberbesiktas.tr\/index.php?rest_route=%2Fwp%2Fv2%2Ftags&post=17873"}],"curies":[{"name":"wp","href":"https:\/\/api.w.org\/{rel}","templated":true}]}}