{"id":17876,"date":"2025-04-10T09:36:13","date_gmt":"2025-04-10T09:36:13","guid":{"rendered":"https:\/\/haberbesiktas.tr\/?p=17876"},"modified":"2025-04-10T09:36:13","modified_gmt":"2025-04-10T09:36:13","slug":"galatasaraydan-eren-elmali-paylasimi-trabzonspor-macina-gonderme","status":"publish","type":"post","link":"https:\/\/haberbesiktas.tr\/?p=17876","title":{"rendered":"Galatasaray&#8217;dan Eren Elmal\u0131 payla\u015f\u0131m\u0131: Trabzonspor ma\u00e7\u0131na g\u00f6nderme"},"content":{"rendered":"<div>Galatasaray, Eren Elmal\u0131 transferi i\u00e7in dikkat \u00e7eken bir payla\u015f\u0131m yapt\u0131.<\/p>\n<p> G\u00f6r\u00fcnt\u00fcl\u00fc tan\u0131t\u0131mda Trabzonspor ma\u00e7\u0131na g\u00f6nderme yap\u0131ld\u0131.<\/p>\n<p> Ligin birinci yar\u0131s\u0131nda Galatasaray&#8217;\u0131n alan\u0131nda oynanan ma\u00e7ta Trabzonspor formas\u0131 giyen Eren Elmal\u0131 topu \u00e7evirdikyen sonra top a\u011flarla bulu\u015ftu. Durumun \u00e7izgiyi ge\u00e7ip ge\u00e7medi\u011fi \u00e7ok tart\u0131\u015f\u0131lm\u0131\u015ft\u0131.<\/p>\n<p> <strong>\u0130\u015fte Galatasaray&#8217;\u0131n Eren Elmal\u0131 i\u00e7in haz\u0131rlad\u0131\u011f\u0131 g\u00f6r\u00fcnt\u00fc:<\/strong><\/p>\n<p>https:\/\/twitter.com\/sporx\/status\/1889716002121752772<\/p>\n<\/p><\/div>\n<p><\/p>\n","protected":false},"excerpt":{"rendered":"<p>Galatasaray, yeni transferi Eren Elmal\u0131&#8217;n\u0131n tan\u0131t\u0131m g\u00f6r\u00fcnt\u00fcs\u00fcnde ligin birinci yar\u0131s\u0131nda oynanan Trabzonspor ma\u00e7\u0131na g\u00f6ndermede bulundu.<\/p>\n","protected":false},"author":1,"featured_media":17878,"comment_status":"open","ping_status":"open","sticky":false,"template":"","format":"standard","meta":{"footnotes":""},"categories":[25],"tags":[],"class_list":["post-17876","post","type-post","status-publish","format-standard","has-post-thumbnail","hentry","category-futbol"],"_links":{"self":[{"href":"https:\/\/haberbesiktas.tr\/index.php?rest_route=\/wp\/v2\/posts\/17876","targetHints":{"allow":["GET"]}}],"collection":[{"href":"https:\/\/haberbesiktas.tr\/index.php?rest_route=\/wp\/v2\/posts"}],"about":[{"href":"https:\/\/haberbesiktas.tr\/index.php?rest_route=\/wp\/v2\/types\/post"}],"author":[{"embeddable":true,"href":"https:\/\/haberbesiktas.tr\/index.php?rest_route=\/wp\/v2\/users\/1"}],"replies":[{"embeddable":true,"href":"https:\/\/haberbesiktas.tr\/index.php?rest_route=%2Fwp%2Fv2%2Fcomments&post=17876"}],"version-history":[{"count":1,"href":"https:\/\/haberbesiktas.tr\/index.php?rest_route=\/wp\/v2\/posts\/17876\/revisions"}],"predecessor-version":[{"id":17879,"href":"https:\/\/haberbesiktas.tr\/index.php?rest_route=\/wp\/v2\/posts\/17876\/revisions\/17879"}],"wp:featuredmedia":[{"embeddable":true,"href":"https:\/\/haberbesiktas.tr\/index.php?rest_route=\/wp\/v2\/media\/17878"}],"wp:attachment":[{"href":"https:\/\/haberbesiktas.tr\/index.php?rest_route=%2Fwp%2Fv2%2Fmedia&parent=17876"}],"wp:term":[{"taxonomy":"category","embeddable":true,"href":"https:\/\/haberbesiktas.tr\/index.php?rest_route=%2Fwp%2Fv2%2Fcategories&post=17876"},{"taxonomy":"post_tag","embeddable":true,"href":"https:\/\/haberbesiktas.tr\/index.php?rest_route=%2Fwp%2Fv2%2Ftags&post=17876"}],"curies":[{"name":"wp","href":"https:\/\/api.w.org\/{rel}","templated":true}]}}