{"id":17880,"date":"2025-04-10T09:48:07","date_gmt":"2025-04-10T09:48:07","guid":{"rendered":"https:\/\/haberbesiktas.tr\/?p=17880"},"modified":"2025-04-10T09:48:07","modified_gmt":"2025-04-10T09:48:07","slug":"benficadan-trabzonsporlu-malheiroya-kanca","status":"publish","type":"post","link":"https:\/\/haberbesiktas.tr\/?p=17880","title":{"rendered":"Benfica&#8217;dan Trabzonsporlu Malheiro&#8217;ya kanca!"},"content":{"rendered":"<div>Sezon ba\u015f\u0131nda Trabzonspor&#8217;un Boavista&#8217;dan transfer etti\u011fi Pedro Malheiro i\u00e7in Portekiz&#8217;den transfer arg\u00fcman\u0131 geldi.<\/p>\n<p> O Jogo&#8217;nun haberine nazaran <strong>Benfica, \u00f6n\u00fcm\u00fczdeki transfer devrinde Pedro Malheiro i\u00e7in Trabzonspor&#8217;un kap\u0131s\u0131n\u0131 \u00e7almaya haz\u0131rlan\u0131yor. Portekizli sa\u011f bek \u015fimdiden Portekiz devinin radar\u0131na girmi\u015f durumda.<\/strong><\/p>\n<p> Haberde ayr\u0131yeten,<strong> Trabzonspor&#8217;un oyuncuyu ucuz bir fiyata b\u0131rakmayaca\u011f\u0131<\/strong> da belirtildi.<\/p>\n<p> <strong>TRABZONSPOR PERFORMANSI<\/strong><\/p>\n<p> Bu d\u00f6nem boyunca bordo-mavili forma ile toplamda 26 ma\u00e7ta u\u011fra\u015f eden 24 ya\u015f\u0131ndaki sa\u011f bek, bu m\u00fcsabakalar\u0131n 25&#8217;inde birinci 11&#8217;de yer alarak de\u011ferli bir m\u00fchlet alanda kald\u0131. Malheiro, bu periyotta 4 gol ve 2 asist ile dikkat \u00e7eken bir performans sergileyerek ekibine katk\u0131da bulundu.\u00a0\u00a0<\/p>\n<div>\u00a0<\/div>\n<\/div>\n<p><\/p>\n","protected":false},"excerpt":{"rendered":"<p>Portekiz devi Benfica, yaz transfer periyodunda Pedro Malheiro i\u00e7in Trabzonspor&#8217;un kap\u0131s\u0131n\u0131 \u00e7almaya haz\u0131rlan\u0131yor.<\/p>\n","protected":false},"author":1,"featured_media":17881,"comment_status":"open","ping_status":"open","sticky":false,"template":"","format":"standard","meta":{"footnotes":""},"categories":[25],"tags":[],"class_list":["post-17880","post","type-post","status-publish","format-standard","has-post-thumbnail","hentry","category-futbol"],"_links":{"self":[{"href":"https:\/\/haberbesiktas.tr\/index.php?rest_route=\/wp\/v2\/posts\/17880","targetHints":{"allow":["GET"]}}],"collection":[{"href":"https:\/\/haberbesiktas.tr\/index.php?rest_route=\/wp\/v2\/posts"}],"about":[{"href":"https:\/\/haberbesiktas.tr\/index.php?rest_route=\/wp\/v2\/types\/post"}],"author":[{"embeddable":true,"href":"https:\/\/haberbesiktas.tr\/index.php?rest_route=\/wp\/v2\/users\/1"}],"replies":[{"embeddable":true,"href":"https:\/\/haberbesiktas.tr\/index.php?rest_route=%2Fwp%2Fv2%2Fcomments&post=17880"}],"version-history":[{"count":1,"href":"https:\/\/haberbesiktas.tr\/index.php?rest_route=\/wp\/v2\/posts\/17880\/revisions"}],"predecessor-version":[{"id":17882,"href":"https:\/\/haberbesiktas.tr\/index.php?rest_route=\/wp\/v2\/posts\/17880\/revisions\/17882"}],"wp:featuredmedia":[{"embeddable":true,"href":"https:\/\/haberbesiktas.tr\/index.php?rest_route=\/wp\/v2\/media\/17881"}],"wp:attachment":[{"href":"https:\/\/haberbesiktas.tr\/index.php?rest_route=%2Fwp%2Fv2%2Fmedia&parent=17880"}],"wp:term":[{"taxonomy":"category","embeddable":true,"href":"https:\/\/haberbesiktas.tr\/index.php?rest_route=%2Fwp%2Fv2%2Fcategories&post=17880"},{"taxonomy":"post_tag","embeddable":true,"href":"https:\/\/haberbesiktas.tr\/index.php?rest_route=%2Fwp%2Fv2%2Ftags&post=17880"}],"curies":[{"name":"wp","href":"https:\/\/api.w.org\/{rel}","templated":true}]}}