{"id":17883,"date":"2025-04-10T10:00:13","date_gmt":"2025-04-10T10:00:13","guid":{"rendered":"https:\/\/haberbesiktas.tr\/?p=17883"},"modified":"2025-04-10T10:00:13","modified_gmt":"2025-04-10T10:00:13","slug":"anderlecht-hocasi-hubertten-fenerbahce-aciklamasi","status":"publish","type":"post","link":"https:\/\/haberbesiktas.tr\/?p=17883","title":{"rendered":"Anderlecht hocas\u0131 Hubert&#8217;ten Fenerbah\u00e7e a\u00e7\u0131klamas\u0131"},"content":{"rendered":"<div>\u00a0UEFA Avrupa Ligi son 16 play-off \u00e7e\u015fidi birinci ma\u00e7\u0131nda 13 \u015eubat Per\u015fembe g\u00fcn\u00fc Fenerbah\u00e7e&#8217;yle deplasmanda kar\u015f\u0131la\u015facak Bel\u00e7ika temsilcisi Anderlecht&#8217;te teknik y\u00f6netici David Hubert, Fenerbah\u00e7e \u00fczere g\u00fc\u00e7l\u00fc bir grupla oynamalar\u0131n\u0131n kendileri i\u00e7in d\u00fczg\u00fcn bir imtihan olaca\u011f\u0131n\u0131 s\u00f6yledi.<\/p>\n<p> \u00dclker Stad\u0131&#8217;nda d\u00fczenlenen bas\u0131n toplant\u0131s\u0131nda konu\u015fan 37 ya\u015f\u0131ndaki teknik adam, bug\u00fcn do\u011fum g\u00fcn\u00fc oldu\u011funu, al\u0131nacak bir galibiyetin kendisine verilecek en ho\u015f arma\u011fan olaca\u011f\u0131n\u0131 belirtti.<\/p>\n<p> \u0130ki ma\u00e7 \u00fczerinden oynanacak t\u0131pta birinci m\u00fcsabakada g\u00fczel bir sonu\u00e7 almalar\u0131 gerekti\u011fine de\u011finen Hubert, <strong>&#8220;Bizi bekleyen atmosferi biliyoruz. Bu da deneyimimizin bir mod\u00fcl\u00fc. Bu \u00fczere atmosferlerle daha evvel kar\u015f\u0131la\u015ft\u0131k. Bizim \u00f6teki ma\u00e7lar\u0131m\u0131zda da Fenerbah\u00e7e taraftarlar\u0131na \u00e7ok benzeyen taraftarlar vard\u0131. Antwerp&#8217;te bir ma\u00e7\u0131m\u0131z vard\u0131, benzeriydi. Nat\u00fcrel ki yar\u0131n Fenerbah\u00e7e elinden geleni yapacakt\u0131r.&#8221;<\/strong> tabirlerini kulland\u0131.<\/p>\n<p> Fenerbah\u00e7e Teknik Y\u00f6neticisi Jose Mourinho&#8217;nun kazanmak i\u00e7in her \u015feyi yapaca\u011f\u0131n\u0131 vurgulayan 37 ya\u015f\u0131ndaki \u00e7al\u0131\u015ft\u0131r\u0131c\u0131, <strong>&#8220;Kendisi, meslek manas\u0131nda be\u011fendi\u011fim antren\u00f6rlerden birisi. Elbet bundan evvelki y\u0131llarda farkl\u0131 tak\u0131mlarla ba\u015far\u0131l\u0131 olmu\u015f bir antren\u00f6r. Kazan\u0131labilecek b\u00fct\u00fcn Avrupa kupalar\u0131n\u0131 kazand\u0131.&#8221;<\/strong> a\u00e7\u0131klamas\u0131n\u0131 yapt\u0131.<\/p>\n<p> <strong>&#8211; &#8220;Bizim i\u00e7in de\u011ferli olan evvel d\u00fczg\u00fcn futbol oynamak&#8221;<\/strong><\/p>\n<p> Bu cinste Fenerbah\u00e7e yerine \u00f6teki bir rakibi tercih edip etmeyece\u011fiyle ilgili soruyu yan\u0131tlayan Hubert, <strong>&#8220;Asl\u0131nda bir tercihim olmaz. Sonu\u00e7ta bir kura \u00e7ekildi, kurada Fenerbah\u00e7e \u00e7\u0131kt\u0131. Benim i\u00e7in kurada bu d\u00fczeye gelmi\u015f gruplar\u0131n hepsi yeterlidir. \u00c7ok kolay olacak bir ma\u00e7 zati yok. Bu d\u00fczeyde esasen kaliteli gruplar bekliyorduk. Fenerbah\u00e7e, T\u00fcrkiye&#8217;de ligin \u00fcst s\u0131ralar\u0131nda oynayan bir ekip. Antren\u00f6rlerini de d\u00fc\u015f\u00fcn\u00fcnce, bizim i\u00e7in Fenerbah\u00e7e \u00fczere bir tak\u0131mla kar\u015f\u0131la\u015fmak \u00e2l\u00e2 bir imtihan olacak.&#8221;<\/strong> diye konu\u015ftu.<\/p>\n<p> Grubunun kompakt futbol oynayaca\u011f\u0131n\u0131 da kelamlar\u0131na ekleyen Hubbert, \u015funlar\u0131 s\u00f6yledi:<\/p>\n<p> <strong>&#8220;Oynayaca\u011f\u0131m\u0131z oyunu yar\u0131n g\u00f6rece\u011fiz. Bizim i\u00e7in de\u011ferli olan evvel g\u00fczel futbol oynamak. Gol atmak i\u00e7in imkanlar\u0131m\u0131z olacakt\u0131r ve gol atmaya \u00e7al\u0131\u015faca\u011f\u0131z. Kompakt olmam\u0131z gerekecek. Bu da 5 defans, 5 forvetle oynayaca\u011f\u0131z manas\u0131na gelmiyor. Alandaki 11 futbolcu i\u00e7indeki herkes hamlesi ve savunmay\u0131 birlikte yapacak. \u0130ki ma\u00e7 oynayaca\u011f\u0131z ve birinci ma\u00e7ta elimizden geleni yapmam\u0131z gerekiyor.&#8221;<\/strong><\/p>\n<p> \u00a0<\/p>\n<\/div>\n<p><\/p>\n","protected":false},"excerpt":{"rendered":"<p>UEFA Avrupa Ligi son 16 play-off \u00e7e\u015fidi birinci ma\u00e7\u0131nda Fenerbah\u00e7e&#8217;yle deplasmanda kar\u015f\u0131la\u015facak Bel\u00e7ika temsilcisi Anderlecht&#8217;te teknik y\u00f6netici David Hubert, ma\u00e7 \u00f6ncesinde a\u00e7\u0131klamalarda bulundu.<\/p>\n","protected":false},"author":1,"featured_media":17884,"comment_status":"open","ping_status":"open","sticky":false,"template":"","format":"standard","meta":{"footnotes":""},"categories":[25],"tags":[115,50],"class_list":["post-17883","post","type-post","status-publish","format-standard","has-post-thumbnail","hentry","category-futbol","tag-fenerbahce","tag-mac"],"_links":{"self":[{"href":"https:\/\/haberbesiktas.tr\/index.php?rest_route=\/wp\/v2\/posts\/17883","targetHints":{"allow":["GET"]}}],"collection":[{"href":"https:\/\/haberbesiktas.tr\/index.php?rest_route=\/wp\/v2\/posts"}],"about":[{"href":"https:\/\/haberbesiktas.tr\/index.php?rest_route=\/wp\/v2\/types\/post"}],"author":[{"embeddable":true,"href":"https:\/\/haberbesiktas.tr\/index.php?rest_route=\/wp\/v2\/users\/1"}],"replies":[{"embeddable":true,"href":"https:\/\/haberbesiktas.tr\/index.php?rest_route=%2Fwp%2Fv2%2Fcomments&post=17883"}],"version-history":[{"count":1,"href":"https:\/\/haberbesiktas.tr\/index.php?rest_route=\/wp\/v2\/posts\/17883\/revisions"}],"predecessor-version":[{"id":17885,"href":"https:\/\/haberbesiktas.tr\/index.php?rest_route=\/wp\/v2\/posts\/17883\/revisions\/17885"}],"wp:featuredmedia":[{"embeddable":true,"href":"https:\/\/haberbesiktas.tr\/index.php?rest_route=\/wp\/v2\/media\/17884"}],"wp:attachment":[{"href":"https:\/\/haberbesiktas.tr\/index.php?rest_route=%2Fwp%2Fv2%2Fmedia&parent=17883"}],"wp:term":[{"taxonomy":"category","embeddable":true,"href":"https:\/\/haberbesiktas.tr\/index.php?rest_route=%2Fwp%2Fv2%2Fcategories&post=17883"},{"taxonomy":"post_tag","embeddable":true,"href":"https:\/\/haberbesiktas.tr\/index.php?rest_route=%2Fwp%2Fv2%2Ftags&post=17883"}],"curies":[{"name":"wp","href":"https:\/\/api.w.org\/{rel}","templated":true}]}}