{"id":17886,"date":"2025-04-10T10:12:07","date_gmt":"2025-04-10T10:12:07","guid":{"rendered":"https:\/\/haberbesiktas.tr\/?p=17886"},"modified":"2025-04-10T10:12:07","modified_gmt":"2025-04-10T10:12:07","slug":"anderlechtli-augustinssondan-mourinho-ve-en-nesyri-sozleri","status":"publish","type":"post","link":"https:\/\/haberbesiktas.tr\/?p=17886","title":{"rendered":"Anderlechtli Augustinsson&#8217;dan Mourinho ve En-Nesyri s\u00f6zleri"},"content":{"rendered":"<div>UEFA Avrupa Ligi son 16 play-off \u00e7e\u015fidi birinci ma\u00e7\u0131nda 13 \u015eubat Per\u015fembe g\u00fcn\u00fc Fenerbah\u00e7e&#8217;yle deplasmanda kar\u015f\u0131la\u015facak Bel\u00e7ika temsilcisi Anderlecht&#8217;te\u00a0savunma oyuncusu Ludwig Augustinsson, \u00dclker Stad\u0131&#8217;nda \u00e7ok \u00e2l\u00e2 bir atmosferde ma\u00e7a \u00e7\u0131kacaklar\u0131n\u0131 belirtti.<\/p>\n<p> M\u00fcsabakaya haz\u0131r olduklar\u0131n\u0131 lisana getiren Augustinsson, <strong>&#8220;\u00c7ok uygun bir atmosfer olaca\u011f\u0131n\u0131 biliyoruz. Genel olarak g\u00fc\u00e7l\u00fc bir atmosfer olacak. Lakin biz bu bahse nas\u0131l yakla\u015fmam\u0131z gerekti\u011fini biliyoruz. Bizim alan\u0131m\u0131zda da b\u00f6ylesine bir atmosfer var, biz al\u0131\u015f\u0131\u011f\u0131z.&#8221;<\/strong> tabirlerini kulland\u0131.<\/p>\n<p><strong>&#8220;EN-NESYRI 3 METREYE YAKIN ZIPLAYAB\u0130L\u0130YOR&#8221;<\/strong><\/p>\n<p> Sevilla&#8217;da birlikte forma giydi\u011fi Youssef En-Nesyri&#8217;nin yan\u0131 s\u0131ra Fenerbah\u00e7e&#8217;nin hamlede \u00e7ok tesirli isimlere sahip oldu\u011funun fark\u0131nda olduklar\u0131n\u0131 belirten \u0130sve\u00e7li oyuncu, \u015f\u00f6yle devam etti:<\/p>\n<p> <strong>&#8220;En yeterli d\u00fczeyimizde oynamam\u0131z gerekecek. En-Nesyri \u00e7ok g\u00fczel oyuncu. Rakibin \u00e7ok de\u011ferli forvetleri var. En-Nesyri&#8217;nin \u00e7ok g\u00fczel \u015futlar\u0131 var. Ceza alan\u0131 i\u00e7inde \u00e7er\u00e7eveyi bulabiliyorlar. 3 metreye yak\u0131n z\u0131playabilen bir oyuncu kendisi. Sakin olmam\u0131z laz\u0131m. Bu \u00e7e\u015fitte 2 ma\u00e7 oynayaca\u011f\u0131z ve \u00e7e\u015fidi ge\u00e7mek i\u00e7in en uygun d\u00fczeyimizde olmak zorunday\u0131z.&#8221;<\/p>\n<p>&#8220;MOURINHO&#8217;YU \u0130ZLEYEREK B\u00dcY\u00dcD\u00dcM&#8221;<\/strong><\/p>\n<p> Mesle\u011finde birinci defa Jose Mourinho&#8217;nun teknik y\u00f6neticili\u011fini yapt\u0131\u011f\u0131 bir ekibe kar\u015f\u0131 forma giyece\u011fini anlatan Augustinsson, \u015funlar\u0131 kaydetti:<\/p>\n<p> <strong>&#8220;Mourinho&#8217;ya b\u00fcy\u00fck h\u00fcrmetim var. Muvaffakiyetlerini izleyerek b\u00fcy\u00fcd\u00fcm. Futbol tarihinin en k\u0131ymetli antren\u00f6rlerinden, hayran oldu\u011fumuz bir insan. Kazanmak i\u00e7in her \u015feyi yapacakt\u0131r. Kazanmay\u0131 seven bir isim. B\u00fcy\u00fck sayg\u0131y\u0131 hak ediyor ve ben de ona b\u00fcy\u00fck h\u00fcrmet duyuyorum.&#8221;<\/strong><\/p>\n<\/div>\n<p><\/p>\n","protected":false},"excerpt":{"rendered":"<p>UEFA Avrupa Ligi son 16 play-off tipi birinci ma\u00e7\u0131nda Fenerbah\u00e7e&#8217;yle deplasmanda kar\u015f\u0131la\u015facak Bel\u00e7ika temsilcisi Anderlecht&#8217;te savunma oyuncusu Ludwig Augustinsson, ma\u00e7 \u00f6ncesinde a\u00e7\u0131klamalarda bulundu.<\/p>\n","protected":false},"author":1,"featured_media":17887,"comment_status":"open","ping_status":"open","sticky":false,"template":"","format":"standard","meta":{"footnotes":""},"categories":[25],"tags":[],"class_list":["post-17886","post","type-post","status-publish","format-standard","has-post-thumbnail","hentry","category-futbol"],"_links":{"self":[{"href":"https:\/\/haberbesiktas.tr\/index.php?rest_route=\/wp\/v2\/posts\/17886","targetHints":{"allow":["GET"]}}],"collection":[{"href":"https:\/\/haberbesiktas.tr\/index.php?rest_route=\/wp\/v2\/posts"}],"about":[{"href":"https:\/\/haberbesiktas.tr\/index.php?rest_route=\/wp\/v2\/types\/post"}],"author":[{"embeddable":true,"href":"https:\/\/haberbesiktas.tr\/index.php?rest_route=\/wp\/v2\/users\/1"}],"replies":[{"embeddable":true,"href":"https:\/\/haberbesiktas.tr\/index.php?rest_route=%2Fwp%2Fv2%2Fcomments&post=17886"}],"version-history":[{"count":1,"href":"https:\/\/haberbesiktas.tr\/index.php?rest_route=\/wp\/v2\/posts\/17886\/revisions"}],"predecessor-version":[{"id":17888,"href":"https:\/\/haberbesiktas.tr\/index.php?rest_route=\/wp\/v2\/posts\/17886\/revisions\/17888"}],"wp:featuredmedia":[{"embeddable":true,"href":"https:\/\/haberbesiktas.tr\/index.php?rest_route=\/wp\/v2\/media\/17887"}],"wp:attachment":[{"href":"https:\/\/haberbesiktas.tr\/index.php?rest_route=%2Fwp%2Fv2%2Fmedia&parent=17886"}],"wp:term":[{"taxonomy":"category","embeddable":true,"href":"https:\/\/haberbesiktas.tr\/index.php?rest_route=%2Fwp%2Fv2%2Fcategories&post=17886"},{"taxonomy":"post_tag","embeddable":true,"href":"https:\/\/haberbesiktas.tr\/index.php?rest_route=%2Fwp%2Fv2%2Ftags&post=17886"}],"curies":[{"name":"wp","href":"https:\/\/api.w.org\/{rel}","templated":true}]}}