{"id":17889,"date":"2025-04-10T10:24:07","date_gmt":"2025-04-10T10:24:07","guid":{"rendered":"https:\/\/haberbesiktas.tr\/?p=17889"},"modified":"2025-04-10T10:24:07","modified_gmt":"2025-04-10T10:24:07","slug":"maarten-martens-galatasarayin-transferlerini-kiskanmiyorum","status":"publish","type":"post","link":"https:\/\/haberbesiktas.tr\/?p=17889","title":{"rendered":"Maarten Martens: &#8220;Galatasaray&#8217;\u0131n transferlerini k\u0131skanm\u0131yorum&#8221;"},"content":{"rendered":"<div>UEFA Avrupa Ligi son 16 play-off \u00e7e\u015fidi birinci ma\u00e7\u0131nda Galatasaray&#8217;\u0131 konuk edecek Hollanda temsilcisi AZ Alkmaar&#8217;\u0131n teknik y\u00f6neticisi Maarten Martens, tipi ge\u00e7eceklerine inand\u0131klar\u0131n\u0131 s\u00f6yledi.<\/p>\n<p> Galatasaray&#8217;\u0131n y\u00fcksek d\u00fczeyde bir tak\u0131m\u0131 oldu\u011funa vurgu yapan Martens,<strong> &#8220;\u00c7ok gen\u00e7 bir tak\u0131m\u0131m\u0131z var. Daima geli\u015fiyoruz. Galatasaray ile pe\u015f pe\u015fe iki ma\u00e7 yapaca\u011f\u0131z. Bir \u00e7e\u015fit daha ge\u00e7mek istiyoruz. Bunun i\u00e7in \u00e7ok \u00e7al\u0131\u015faca\u011f\u0131z. Bunu ba\u015faraca\u011f\u0131m\u0131za da inan\u0131yoruz.&#8221;<\/strong> dedi.<\/p>\n<p> Galatasaray ile ola\u011fan d\u00f6nemde da kar\u015f\u0131la\u015f\u0131p 1-1 berabere kald\u0131klar\u0131n\u0131 lisana getiren Martens, <strong>&#8220;Galatasaray&#8217;dan evvel Fenerbah\u00e7e ve Roma ile kar\u015f\u0131la\u015ft\u0131k. Bu ligde daha b\u00fcy\u00fck kadrolara kar\u015f\u0131 da oynad\u0131k. \u0130timat sa\u011flad\u0131k. Sonu\u00e7 odakl\u0131y\u0131z. Yolumuza ba\u015far\u0131l\u0131 bir formda devam ediyoruz. Yar\u0131n da inanc\u0131m\u0131z var. Ho\u015f bir ak\u015fam ya\u015fayaca\u011f\u0131z. Daha bu birinci ma\u00e7. Bunu da d\u00fc\u015f\u00fcnmemiz gerek. Elimizden gelen her \u015feyi yapaca\u011f\u0131z.&#8221;<\/strong> diye konu\u015ftu.<\/p>\n<p> Martens, kas\u0131m ay\u0131ndaki ma\u00e7a s\u00fcratli ba\u015flad\u0131klar\u0131n\u0131 hat\u0131rlatarak, <strong>&#8220;Rakip de s\u00fcratli ba\u015flayaca\u011f\u0131m\u0131z\u0131 d\u00fc\u015f\u00fcn\u00fcyordur. Biz de kimi \u015feyleri de\u011fi\u015ftirece\u011fiz. Galatasaray&#8217;\u0131 tahlil ettik. Son ma\u00e7lar\u0131n\u0131 izledik. Kendilerinden farkl\u0131 \u015feyler bekleyebiliriz. Buraya 3 puan almaya gelmi\u015flerdi. Bu defa gayeleri farkl\u0131. Bu y\u00fczden farkl\u0131 bir ma\u00e7 olabilir.&#8221;<\/strong> s\u00f6zlerini kulland\u0131.<\/p>\n<p> Kar\u015f\u0131la\u015fmaya haz\u0131r olduklar\u0131n\u0131 lisana getiren 40 ya\u015f\u0131ndaki \u00e7al\u0131\u015ft\u0131r\u0131c\u0131, <strong>&#8220;Galatasaray&#8217;a kar\u015f\u0131 \u00e7ok uygun ba\u015flam\u0131\u015ft\u0131k. Ondan sonra biraz daha zorland\u0131k. Lakin mantalitemiz daima en y\u00fcksek d\u00fczeydeydi. Kompakt bir formda oynayaca\u011f\u0131z ve \u00e7\u0131kmaya \u00e7al\u0131\u015faca\u011f\u0131z. Tahminen Galatasaray biraz geride duracak. Biz de alan bulmak i\u00e7in odaklanaca\u011f\u0131z. Sonu\u00e7 odakl\u0131 bakaca\u011f\u0131z. \u015eu anda odaklanm\u0131\u015f durumday\u0131z.&#8221;<\/strong> bi\u00e7iminde g\u00f6r\u00fc\u015f belirtti.<\/p>\n<p> Maarten Martens,<strong> &#8220;\u0130stanbul&#8217;daki ma\u00e7 sizi endi\u015felendiriyor mu?&#8221;<\/strong> formunda soruya,<strong> &#8220;Birka\u00e7 sene evvel UEFA \u015eampiyonlar Ligi&#8217;nde Club Brugge ile oradayd\u0131m. Orada neyle kar\u015f\u0131la\u015faca\u011f\u0131m\u0131z\u0131 \u00e7ok g\u00fczel biliyorum. Bununla ilgili haz\u0131rl\u0131k yapabiliriz. O atmosferde ma\u00e7lar oynaman\u0131n tecr\u00fcbesini ya\u015fayaca\u011f\u0131z. Oyuncular\u0131m bir\u00e7ok \u015feye al\u0131\u015fk\u0131n. \u0130stanbul&#8217;daki ma\u00e7a da haz\u0131r\u0131z.&#8221;<\/strong> kar\u015f\u0131l\u0131\u011f\u0131n\u0131 verdi.<\/p>\n<p> Hollandal\u0131 bas\u0131n mensubunun,<strong> &#8220;Galatasaray&#8217;\u0131n y\u0131ld\u0131z transferlerini k\u0131skan\u0131yor musun?&#8221;<\/strong> bi\u00e7imindeki sorusu \u00fczerine Martens, <strong>&#8220;Hay\u0131r k\u0131skanm\u0131yorum. Galatasaray, bizden \u00e7ok farkl\u0131 bir kul\u00fcp. Bizim de \u00e7ok \u00e2l\u00e2 forvetlerimiz var. Onlar daha gen\u00e7 ve kendilerini geli\u015ftiriyorlar.&#8221;<\/strong> yorumunu yapt\u0131.<\/p>\n<p> Bel\u00e7ikal\u0131 teknik adam, Kristijan Belic&#8217;in cezas\u0131, Jayden Addai, Mexx Meerdink, Ruben Van Bommel ve Ibrahim Sadiq&#8217;in sakalt\u0131klar\u0131 nedeniyle forma giyemeyece\u011fini hat\u0131rlatt\u0131.<\/p>\n<\/div>\n<p><\/p>\n","protected":false},"excerpt":{"rendered":"<p>UEFA Avrupa Ligi son 16 play-off tipi birinci ma\u00e7\u0131nda Galatasaray&#8217;\u0131 konuk edecek Hollanda temsilcisi AZ Alkmaar&#8217;\u0131n teknik y\u00f6neticisi Maarten Martens, \u00e7e\u015fidi ge\u00e7eceklerine inand\u0131klar\u0131n\u0131 s\u00f6yledi.<\/p>\n","protected":false},"author":1,"featured_media":17890,"comment_status":"open","ping_status":"open","sticky":false,"template":"","format":"standard","meta":{"footnotes":""},"categories":[25],"tags":[129,50,1849],"class_list":["post-17889","post","type-post","status-publish","format-standard","has-post-thumbnail","hentry","category-futbol","tag-galatasaray","tag-mac","tag-martens"],"_links":{"self":[{"href":"https:\/\/haberbesiktas.tr\/index.php?rest_route=\/wp\/v2\/posts\/17889","targetHints":{"allow":["GET"]}}],"collection":[{"href":"https:\/\/haberbesiktas.tr\/index.php?rest_route=\/wp\/v2\/posts"}],"about":[{"href":"https:\/\/haberbesiktas.tr\/index.php?rest_route=\/wp\/v2\/types\/post"}],"author":[{"embeddable":true,"href":"https:\/\/haberbesiktas.tr\/index.php?rest_route=\/wp\/v2\/users\/1"}],"replies":[{"embeddable":true,"href":"https:\/\/haberbesiktas.tr\/index.php?rest_route=%2Fwp%2Fv2%2Fcomments&post=17889"}],"version-history":[{"count":1,"href":"https:\/\/haberbesiktas.tr\/index.php?rest_route=\/wp\/v2\/posts\/17889\/revisions"}],"predecessor-version":[{"id":17891,"href":"https:\/\/haberbesiktas.tr\/index.php?rest_route=\/wp\/v2\/posts\/17889\/revisions\/17891"}],"wp:featuredmedia":[{"embeddable":true,"href":"https:\/\/haberbesiktas.tr\/index.php?rest_route=\/wp\/v2\/media\/17890"}],"wp:attachment":[{"href":"https:\/\/haberbesiktas.tr\/index.php?rest_route=%2Fwp%2Fv2%2Fmedia&parent=17889"}],"wp:term":[{"taxonomy":"category","embeddable":true,"href":"https:\/\/haberbesiktas.tr\/index.php?rest_route=%2Fwp%2Fv2%2Fcategories&post=17889"},{"taxonomy":"post_tag","embeddable":true,"href":"https:\/\/haberbesiktas.tr\/index.php?rest_route=%2Fwp%2Fv2%2Ftags&post=17889"}],"curies":[{"name":"wp","href":"https:\/\/api.w.org\/{rel}","templated":true}]}}