{"id":17892,"date":"2025-04-10T10:36:09","date_gmt":"2025-04-10T10:36:09","guid":{"rendered":"https:\/\/haberbesiktas.tr\/?p=17892"},"modified":"2025-04-10T10:36:09","modified_gmt":"2025-04-10T10:36:09","slug":"goes-galatasaraya-karsi-oynamayi-zevkle-beliyorum","status":"publish","type":"post","link":"https:\/\/haberbesiktas.tr\/?p=17892","title":{"rendered":"Goes: &#8220;Galatasaray&#8217;a kar\u015f\u0131 oynamay\u0131 zevkle beliyorum&#8221;"},"content":{"rendered":"<div>AZ Alkmaar&#8217;\u0131n savunma oyuncusu Wouter Goes, kar\u015f\u0131la\u015fmay\u0131 heyecanla bekledi\u011fini lisana getirdi.<\/p>\n<p> Galatasaray ile ola\u011fan d\u00f6nemin 5. haftas\u0131nda 1-1 berabere kald\u0131klar\u0131 kar\u015f\u0131la\u015fmada oynamad\u0131\u011f\u0131n\u0131 anlatan Goes,<strong> &#8220;Ge\u00e7en ma\u00e7ta ben oynamam\u0131\u015ft\u0131m. Galatasaray&#8217;a kar\u015f\u0131 oynamay\u0131 zevkle beliyorum. Konutumuzda de b\u00fcy\u00fck bir baht\u0131m\u0131z oldu\u011funu d\u00fc\u015f\u00fcn\u00fcyorum.&#8221;<\/strong> dedi.<\/p>\n<p> \u0130spanyol santrfor Alvaro Morata&#8217;ya kar\u015f\u0131 oynayaca\u011f\u0131n\u0131n hat\u0131rlat\u0131lmas\u0131 \u00fczerine 20 ya\u015f\u0131ndaki stoper, <strong>&#8220;G\u00fczel bir u\u011fra\u015f olacak. Ben de zevkle bekliyorum. Her forvet di\u011fer. Onu engellemek Alex (Alexandre Penetra) ile bana kald\u0131. Kar\u015f\u0131mda kimin oldu\u011fu fark etmiyor. Alex ile birlikte \u00e7al\u0131\u015fmam laz\u0131m.&#8221;<\/strong> diye konu\u015ftu.<\/p>\n<p> Goes, Nijeryal\u0131 y\u0131ld\u0131z Victor Osimhen&#8217;in cezal\u0131 olmas\u0131n\u0131n kendisini rahats\u0131z etmedi\u011fini belirterek,<strong> &#8220;Galatasaray ile bir ma\u00e7 daha oynayaca\u011f\u0131z. Osimhen \u00e7ok uygun bir forvet. Yar\u0131n oynamamas\u0131 beni rahats\u0131z etmiyor.&#8221;<\/strong> tabirlerini kulland\u0131.<\/p>\n<\/div>\n<p><\/p>\n","protected":false},"excerpt":{"rendered":"<p>AZ Alkmaar&#8217;\u0131n savunma oyuncusu Wouter Goes, kar\u015f\u0131la\u015fmay\u0131 heyecanla bekledi\u011fini lisana getirdi.<\/p>\n","protected":false},"author":1,"featured_media":17893,"comment_status":"open","ping_status":"open","sticky":false,"template":"","format":"standard","meta":{"footnotes":""},"categories":[25],"tags":[],"class_list":["post-17892","post","type-post","status-publish","format-standard","has-post-thumbnail","hentry","category-futbol"],"_links":{"self":[{"href":"https:\/\/haberbesiktas.tr\/index.php?rest_route=\/wp\/v2\/posts\/17892","targetHints":{"allow":["GET"]}}],"collection":[{"href":"https:\/\/haberbesiktas.tr\/index.php?rest_route=\/wp\/v2\/posts"}],"about":[{"href":"https:\/\/haberbesiktas.tr\/index.php?rest_route=\/wp\/v2\/types\/post"}],"author":[{"embeddable":true,"href":"https:\/\/haberbesiktas.tr\/index.php?rest_route=\/wp\/v2\/users\/1"}],"replies":[{"embeddable":true,"href":"https:\/\/haberbesiktas.tr\/index.php?rest_route=%2Fwp%2Fv2%2Fcomments&post=17892"}],"version-history":[{"count":1,"href":"https:\/\/haberbesiktas.tr\/index.php?rest_route=\/wp\/v2\/posts\/17892\/revisions"}],"predecessor-version":[{"id":17894,"href":"https:\/\/haberbesiktas.tr\/index.php?rest_route=\/wp\/v2\/posts\/17892\/revisions\/17894"}],"wp:featuredmedia":[{"embeddable":true,"href":"https:\/\/haberbesiktas.tr\/index.php?rest_route=\/wp\/v2\/media\/17893"}],"wp:attachment":[{"href":"https:\/\/haberbesiktas.tr\/index.php?rest_route=%2Fwp%2Fv2%2Fmedia&parent=17892"}],"wp:term":[{"taxonomy":"category","embeddable":true,"href":"https:\/\/haberbesiktas.tr\/index.php?rest_route=%2Fwp%2Fv2%2Fcategories&post=17892"},{"taxonomy":"post_tag","embeddable":true,"href":"https:\/\/haberbesiktas.tr\/index.php?rest_route=%2Fwp%2Fv2%2Ftags&post=17892"}],"curies":[{"name":"wp","href":"https:\/\/api.w.org\/{rel}","templated":true}]}}