{"id":17895,"date":"2025-04-10T10:48:05","date_gmt":"2025-04-10T10:48:05","guid":{"rendered":"https:\/\/haberbesiktas.tr\/?p=17895"},"modified":"2025-04-10T10:48:05","modified_gmt":"2025-04-10T10:48:05","slug":"tff-galatasaray-adana-demirspor-macinin-var-kaydini-acikladi","status":"publish","type":"post","link":"https:\/\/haberbesiktas.tr\/?p=17895","title":{"rendered":"TFF, Galatasaray &#8211; Adana Demirspor ma\u00e7\u0131n\u0131n VAR kayd\u0131n\u0131 a\u00e7\u0131klad\u0131"},"content":{"rendered":"<div><span><span>TFF, Galatasaray &#8211; Adana Demirspor ma\u00e7\u0131n\u0131n VAR kayd\u0131n\u0131 a\u00e7\u0131klad\u0131.<\/p>\n<p>\u0130\u015eTE PENALTI DURUMUNDAK\u0130 VAR KONU\u015eMASI<\/p>\n<p><span><strong>VAR:<\/strong> &#8220;Bunun \u00f6teki bir a\u00e7\u0131s\u0131 var m\u0131? \u015eahane bu l\u00fctfen. Penalt\u0131, tamam. APP&#8217;yi denetim ediyorum. Ofsayt var m\u0131? O\u011fuzhan denetim tamamland\u0131, penalt\u0131 hakikat.&#8221; <\/p>\n<p><strong>-O\u011fuzhan \u00c7ak\u0131r:<\/strong> &#8220;Tamam, penalt\u0131.&#8221;<\/span><\/p>\n<p><strong>\u0130\u015eTE TFF&#8217;N\u0130N A\u00c7IKLAMASI:<\/strong><br \/><\/span><\/span> &#8220;T\u00fcrkiye Futbol Federasyonu \u0130dare Konseyi&#8217;nin bug\u00fcn ger\u00e7ekle\u015ftirdi\u011fi y\u00f6netim kurulu toplant\u0131s\u0131nda, Trendyol \u00dcst\u00fcn Lig&#8217;in 23. haftas\u0131nda 9 \u015eubat 2025 tarihinde Galatasaray A.\u015e. &#8211; Adana Demirspor A.\u015e. ortas\u0131nda oynanan ma\u00e7\u0131n 11. dakikas\u0131nda ya\u015fanan durumla ilgili ham VAR kay\u0131tlar\u0131n\u0131n futbol kamuoyu ile payla\u015f\u0131lmas\u0131na karar verilmi\u015ftir.<\/p>\n<p> MHK&#8217;nin de\u011ferlendirmesine nazaran VAR m\u00fcdahalesi gerekmesine kar\u015f\u0131n hakemin incelemeye davet edilmedi\u011fi benzeri durumlar\u0131n ya\u015fanmas\u0131 halinde, \u015feffafl\u0131k unsuru gere\u011fi ilerleyen haftalarda da futbol kamuoyu bilgilendirilmeye devam edilecektir.&#8221;<\/p><\/div>\n<p><\/p>\n","protected":false},"excerpt":{"rendered":"<p>TFF, Galatasaray &#8211; Adana Demirspor ma\u00e7\u0131n\u0131n VAR kayd\u0131n\u0131 a\u00e7\u0131klad\u0131.<\/p>\n","protected":false},"author":1,"featured_media":17896,"comment_status":"open","ping_status":"open","sticky":false,"template":"","format":"standard","meta":{"footnotes":""},"categories":[25],"tags":[],"class_list":["post-17895","post","type-post","status-publish","format-standard","has-post-thumbnail","hentry","category-futbol"],"_links":{"self":[{"href":"https:\/\/haberbesiktas.tr\/index.php?rest_route=\/wp\/v2\/posts\/17895","targetHints":{"allow":["GET"]}}],"collection":[{"href":"https:\/\/haberbesiktas.tr\/index.php?rest_route=\/wp\/v2\/posts"}],"about":[{"href":"https:\/\/haberbesiktas.tr\/index.php?rest_route=\/wp\/v2\/types\/post"}],"author":[{"embeddable":true,"href":"https:\/\/haberbesiktas.tr\/index.php?rest_route=\/wp\/v2\/users\/1"}],"replies":[{"embeddable":true,"href":"https:\/\/haberbesiktas.tr\/index.php?rest_route=%2Fwp%2Fv2%2Fcomments&post=17895"}],"version-history":[{"count":1,"href":"https:\/\/haberbesiktas.tr\/index.php?rest_route=\/wp\/v2\/posts\/17895\/revisions"}],"predecessor-version":[{"id":17897,"href":"https:\/\/haberbesiktas.tr\/index.php?rest_route=\/wp\/v2\/posts\/17895\/revisions\/17897"}],"wp:featuredmedia":[{"embeddable":true,"href":"https:\/\/haberbesiktas.tr\/index.php?rest_route=\/wp\/v2\/media\/17896"}],"wp:attachment":[{"href":"https:\/\/haberbesiktas.tr\/index.php?rest_route=%2Fwp%2Fv2%2Fmedia&parent=17895"}],"wp:term":[{"taxonomy":"category","embeddable":true,"href":"https:\/\/haberbesiktas.tr\/index.php?rest_route=%2Fwp%2Fv2%2Fcategories&post=17895"},{"taxonomy":"post_tag","embeddable":true,"href":"https:\/\/haberbesiktas.tr\/index.php?rest_route=%2Fwp%2Fv2%2Ftags&post=17895"}],"curies":[{"name":"wp","href":"https:\/\/api.w.org\/{rel}","templated":true}]}}