{"id":17901,"date":"2025-04-10T11:12:07","date_gmt":"2025-04-10T11:12:07","guid":{"rendered":"https:\/\/haberbesiktas.tr\/?p=17901"},"modified":"2025-04-10T11:12:07","modified_gmt":"2025-04-10T11:12:07","slug":"galatasaray-adana-demirspor-macinin-var-kaydi-aciklandi","status":"publish","type":"post","link":"https:\/\/haberbesiktas.tr\/?p=17901","title":{"rendered":"Galatasaray-Adana Demirspor ma\u00e7\u0131n\u0131n VAR kayd\u0131 a\u00e7\u0131kland\u0131"},"content":{"rendered":"<div>T\u00fcrkiye Futbol Federasyonu (TFF), Galatasaray-Adana Demirspor ma\u00e7\u0131n\u0131n VAR kayd\u0131n\u0131 a\u00e7\u0131klad\u0131.<\/p>\n<p> TFF&#8217;nin YouToube kanal\u0131ndan yay\u0131mlanan g\u00f6r\u00fcnt\u00fcde, Trendyol Muhte\u015fem Lig&#8217;in 23. haftas\u0131ndaki ma\u00e7\u0131n 11. dakikas\u0131nda ya\u015fanan penalt\u0131 durumunun kay\u0131tlar\u0131 sesli ve imajl\u0131 olarak payla\u015f\u0131ld\u0131.<\/p>\n<p> <strong>Galatasarayl\u0131 Dries Mertens&#8217;in yerde kalmas\u0131 nedeniyle penalt\u0131 verilen duruma ait kay\u0131tta \u015fu s\u00f6zler yer ald\u0131:<\/strong><\/p>\n<p> <strong>VAR: <\/strong>Olas\u0131 bir ofsayt. \u015eayet muhtemel bir elle oynama. Tekrar ve denetim ediyorum. Tamam bir sonrakine bakal\u0131m. Denetim ediyorum, denetim ediyorum. Bir defa daha bunu tam s\u00fcratte. Bunun di\u011fer bir a\u00e7\u0131s\u0131 var m\u0131 ? \u015eahane, bu l\u00fctfen. Penalt\u0131 tamam. APP&#8217;yi (Atak ba\u015flang\u0131\u00e7 noktas\u0131) denetim ediyorum. Oynat, ofsayt m\u00fcmk\u00fcnl\u00fc\u011f\u00fc var m\u0131 ? Yaln\u0131zca t\u00fcm\u00fc oynat, ho\u015f oynat. Ve tekrar bana penalt\u0131y\u0131 ver, bunu. O\u011fuzhan denetim tamamland\u0131. Penalt\u0131 teyit edildi.<\/p>\n<p> <strong>O\u011fuzhan \u00c7ak\u0131r:<\/strong> Penalt\u0131.<\/p>\n<p> TFF&#8217;den yap\u0131lan a\u00e7\u0131klamada, <strong>&#8220;Trendyol \u00dcst\u00fcn Lig&#8217;in 23. haftas\u0131ndaki Galatasaray-Adana Demirspor ma\u00e7\u0131n\u0131n 11. dakikas\u0131nda ya\u015fanan konumla ilgili ham VAR kay\u0131tlar\u0131n\u0131n futbol kamuoyu ile payla\u015f\u0131lmas\u0131na karar verilmi\u015ftir.&#8221;<\/strong> denildi.<\/p>\n<p> Merkez Hakem \u015euras\u0131n\u0131n, durumu de\u011ferlendirdi\u011fi ve VAR m\u00fcdahalesi gerekti\u011fine karar verdi\u011fi belirtilerek, <strong>&#8220;Gerekmesine kar\u015f\u0131n hakemin incelemeye davet edilmedi\u011fi benzeri konumlar\u0131n ya\u015fanmas\u0131 halinde, \u015feffafl\u0131k unsuru gere\u011fi ilerleyen haftalarda da futbol kamuoyu bilgilendirilmeye devam edilecektir.&#8221;<\/strong> tabirleri kullan\u0131ld\u0131.<\/p>\n<\/div>\n<p><\/p>\n","protected":false},"excerpt":{"rendered":"<p>Trendyol Muhte\u015fem Lig&#8217;in 23. haftas\u0131nda oynanan ve yar\u0131da kalan Galatasaray &#8211; Adana Demirspor ma\u00e7\u0131n\u0131n VAR kayd\u0131 yay\u0131nland\u0131.<\/p>\n","protected":false},"author":1,"featured_media":17902,"comment_status":"open","ping_status":"open","sticky":false,"template":"","format":"standard","meta":{"footnotes":""},"categories":[25],"tags":[1850,303],"class_list":["post-17901","post","type-post","status-publish","format-standard","has-post-thumbnail","hentry","category-futbol","tag-kontrol","tag-penalti"],"_links":{"self":[{"href":"https:\/\/haberbesiktas.tr\/index.php?rest_route=\/wp\/v2\/posts\/17901","targetHints":{"allow":["GET"]}}],"collection":[{"href":"https:\/\/haberbesiktas.tr\/index.php?rest_route=\/wp\/v2\/posts"}],"about":[{"href":"https:\/\/haberbesiktas.tr\/index.php?rest_route=\/wp\/v2\/types\/post"}],"author":[{"embeddable":true,"href":"https:\/\/haberbesiktas.tr\/index.php?rest_route=\/wp\/v2\/users\/1"}],"replies":[{"embeddable":true,"href":"https:\/\/haberbesiktas.tr\/index.php?rest_route=%2Fwp%2Fv2%2Fcomments&post=17901"}],"version-history":[{"count":1,"href":"https:\/\/haberbesiktas.tr\/index.php?rest_route=\/wp\/v2\/posts\/17901\/revisions"}],"predecessor-version":[{"id":17903,"href":"https:\/\/haberbesiktas.tr\/index.php?rest_route=\/wp\/v2\/posts\/17901\/revisions\/17903"}],"wp:featuredmedia":[{"embeddable":true,"href":"https:\/\/haberbesiktas.tr\/index.php?rest_route=\/wp\/v2\/media\/17902"}],"wp:attachment":[{"href":"https:\/\/haberbesiktas.tr\/index.php?rest_route=%2Fwp%2Fv2%2Fmedia&parent=17901"}],"wp:term":[{"taxonomy":"category","embeddable":true,"href":"https:\/\/haberbesiktas.tr\/index.php?rest_route=%2Fwp%2Fv2%2Fcategories&post=17901"},{"taxonomy":"post_tag","embeddable":true,"href":"https:\/\/haberbesiktas.tr\/index.php?rest_route=%2Fwp%2Fv2%2Ftags&post=17901"}],"curies":[{"name":"wp","href":"https:\/\/api.w.org\/{rel}","templated":true}]}}